{"id":215,"date":"2026-01-23T18:42:42","date_gmt":"2026-01-23T18:42:42","guid":{"rendered":"https:\/\/ivcembalagens.com.br\/blog\/?p=215"},"modified":"2026-01-23T18:42:44","modified_gmt":"2026-01-23T18:42:44","slug":"fabrica-de-lonas-plasticas-saiba-qual-escolher","status":"publish","type":"post","link":"https:\/\/ivcembalagens.com.br\/blog\/lonas-plasticas\/fabrica-de-lonas-plasticas-saiba-qual-escolher\/","title":{"rendered":"F\u00e1brica de lonas pl\u00e1sticas: Conhe\u00e7a a IVC Embalagens!"},"content":{"rendered":"<span class=\"rt-reading-time\" style=\"display: block;\"><span class=\"rt-label rt-prefix\">Tempo de leitura:<\/span> <span class=\"rt-time\">6<\/span> <span class=\"rt-label rt-postfix\">minutos<\/span><\/span>\n<p class=\"has-medium-font-size\"><strong><em>Encontre a melhor f\u00e1brica de lonas pl\u00e1sticas para seu projeto. Conhe\u00e7a as solu\u00e7\u00f5es em PEBD da IVC Embalagens e garanta m\u00e1xima resist\u00eancia.<\/em><\/strong><\/p>\n\n\n\n<p>Seja para cobrir materiais em uma constru\u00e7\u00e3o, proteger cargas durante o transporte ou criar abrigos tempor\u00e1rios, as lonas pl\u00e1sticas desempenham um papel crucial em v\u00e1rias \u00e1reas da ind\u00fastria e com\u00e9rcio.<\/p>\n\n\n\n<p>Neste artigo, exploraremos o que s\u00e3o as lonas pl\u00e1sticas, sua import\u00e2ncia e como a <a href=\"https:\/\/ivcembalagens.com.br\/empresa\">IVC Embalagens<\/a> se destaca como a f\u00e1brica ideal para atender suas necessidades.<\/p>\n\n\n\n<div id=\"ez-toc-container\" class=\"ez-toc-v2_0_62 counter-hierarchy ez-toc-counter ez-toc-white ez-toc-container-direction\">\n<div class=\"ez-toc-title-container\">\n<p class=\"ez-toc-title \" >LISTA DE T&Oacute;PICOS<\/p>\n<span class=\"ez-toc-title-toggle\"><a href=\"#\" class=\"ez-toc-pull-right ez-toc-btn ez-toc-btn-xs ez-toc-btn-default ez-toc-toggle\" aria-label=\"Toggle Table of Content\"><span class=\"ez-toc-js-icon-con\"><span class=\"\"><span class=\"eztoc-hide\" style=\"display:none;\">Toggle<\/span><span class=\"ez-toc-icon-toggle-span\"><svg style=\"fill: #999;color:#999\" xmlns=\"http:\/\/www.w3.org\/2000\/svg\" class=\"list-377408\" width=\"20px\" height=\"20px\" viewBox=\"0 0 24 24\" fill=\"none\"><path d=\"M6 6H4v2h2V6zm14 0H8v2h12V6zM4 11h2v2H4v-2zm16 0H8v2h12v-2zM4 16h2v2H4v-2zm16 0H8v2h12v-2z\" fill=\"currentColor\"><\/path><\/svg><svg style=\"fill: #999;color:#999\" class=\"arrow-unsorted-368013\" xmlns=\"http:\/\/www.w3.org\/2000\/svg\" width=\"10px\" height=\"10px\" viewBox=\"0 0 24 24\" version=\"1.2\" baseProfile=\"tiny\"><path d=\"M18.2 9.3l-6.2-6.3-6.2 6.3c-.2.2-.3.4-.3.7s.1.5.3.7c.2.2.4.3.7.3h11c.3 0 .5-.1.7-.3.2-.2.3-.5.3-.7s-.1-.5-.3-.7zM5.8 14.7l6.2 6.3 6.2-6.3c.2-.2.3-.5.3-.7s-.1-.5-.3-.7c-.2-.2-.4-.3-.7-.3h-11c-.3 0-.5.1-.7.3-.2.2-.3.5-.3.7s.1.5.3.7z\"\/><\/svg><\/span><\/span><\/span><\/a><\/span><\/div>\n<nav><ul class='ez-toc-list ez-toc-list-level-1 ' ><li class='ez-toc-page-1 ez-toc-heading-level-2'><a class=\"ez-toc-link ez-toc-heading-1\" href=\"https:\/\/ivcembalagens.com.br\/blog\/lonas-plasticas\/fabrica-de-lonas-plasticas-saiba-qual-escolher\/#O_que_sao_lonas_plasticas_e_qual_sua_funcao\" title=\"O que s\u00e3o lonas pl\u00e1sticas e qual sua fun\u00e7\u00e3o?\">O que s\u00e3o lonas pl\u00e1sticas e qual sua fun\u00e7\u00e3o?<\/a><\/li><li class='ez-toc-page-1 ez-toc-heading-level-2'><a class=\"ez-toc-link ez-toc-heading-2\" href=\"https:\/\/ivcembalagens.com.br\/blog\/lonas-plasticas\/fabrica-de-lonas-plasticas-saiba-qual-escolher\/#Como_identificar_excelencia_em_uma_fabrica_de_lonas_plasticas\" title=\"Como identificar excel\u00eancia em uma f\u00e1brica de lonas pl\u00e1sticas\">Como identificar excel\u00eancia em uma f\u00e1brica de lonas pl\u00e1sticas<\/a><ul class='ez-toc-list-level-3' ><li class='ez-toc-heading-level-3'><a class=\"ez-toc-link ez-toc-heading-3\" href=\"https:\/\/ivcembalagens.com.br\/blog\/lonas-plasticas\/fabrica-de-lonas-plasticas-saiba-qual-escolher\/#A_importancia_da_micragem_e_resistencia\" title=\"A import\u00e2ncia da micragem e resist\u00eancia\">A import\u00e2ncia da micragem e resist\u00eancia<\/a><\/li><\/ul><\/li><li class='ez-toc-page-1 ez-toc-heading-level-2'><a class=\"ez-toc-link ez-toc-heading-4\" href=\"https:\/\/ivcembalagens.com.br\/blog\/lonas-plasticas\/fabrica-de-lonas-plasticas-saiba-qual-escolher\/#Versatilidade_do_fabricante_de_lona_tipos_e_usos\" title=\"Versatilidade do fabricante de lona: tipos e usos\">Versatilidade do fabricante de lona: tipos e usos<\/a><ul class='ez-toc-list-level-3' ><li class='ez-toc-heading-level-3'><a class=\"ez-toc-link ez-toc-heading-5\" href=\"https:\/\/ivcembalagens.com.br\/blog\/lonas-plasticas\/fabrica-de-lonas-plasticas-saiba-qual-escolher\/#Solucoes_coloridas_e_funcionais\" title=\"Solu\u00e7\u00f5es coloridas e funcionais\">Solu\u00e7\u00f5es coloridas e funcionais<\/a><\/li><\/ul><\/li><li class='ez-toc-page-1 ez-toc-heading-level-2'><a class=\"ez-toc-link ez-toc-heading-6\" href=\"https:\/\/ivcembalagens.com.br\/blog\/lonas-plasticas\/fabrica-de-lonas-plasticas-saiba-qual-escolher\/#Por_que_a_IVC_e_sua_fabrica_de_lonas_plasticas_de_confianca\" title=\"Por que a IVC \u00e9 sua f\u00e1brica de lonas pl\u00e1sticas de confian\u00e7a\">Por que a IVC \u00e9 sua f\u00e1brica de lonas pl\u00e1sticas de confian\u00e7a<\/a><\/li><li class='ez-toc-page-1 ez-toc-heading-level-2'><a class=\"ez-toc-link ez-toc-heading-7\" href=\"https:\/\/ivcembalagens.com.br\/blog\/lonas-plasticas\/fabrica-de-lonas-plasticas-saiba-qual-escolher\/#specificacoes_tecnicas_da_nossa_fabrica_de_lonas_plasticas\" title=\"specifica\u00e7\u00f5es t\u00e9cnicas da nossa fabrica de lonas pl\u00e1sticas\">specifica\u00e7\u00f5es t\u00e9cnicas da nossa fabrica de lonas pl\u00e1sticas<\/a><ul class='ez-toc-list-level-3' ><li class='ez-toc-heading-level-3'><a class=\"ez-toc-link ez-toc-heading-8\" href=\"https:\/\/ivcembalagens.com.br\/blog\/lonas-plasticas\/fabrica-de-lonas-plasticas-saiba-qual-escolher\/#Customizacao_de_acabamento_e_formato\" title=\"Customiza\u00e7\u00e3o de acabamento e formato\">Customiza\u00e7\u00e3o de acabamento e formato<\/a><\/li><\/ul><\/li><li class='ez-toc-page-1 ez-toc-heading-level-2'><a class=\"ez-toc-link ez-toc-heading-9\" href=\"https:\/\/ivcembalagens.com.br\/blog\/lonas-plasticas\/fabrica-de-lonas-plasticas-saiba-qual-escolher\/#Duvidas_frequentes\" title=\"D\u00favidas frequentes\">D\u00favidas frequentes<\/a><\/li><li class='ez-toc-page-1 ez-toc-heading-level-2'><a class=\"ez-toc-link ez-toc-heading-10\" href=\"https:\/\/ivcembalagens.com.br\/blog\/lonas-plasticas\/fabrica-de-lonas-plasticas-saiba-qual-escolher\/#Onde_a_inovacao_encontra_a_protecao_que_seu_projeto_exige\" title=\"Onde a inova\u00e7\u00e3o encontra a prote\u00e7\u00e3o que seu projeto exige\">Onde a inova\u00e7\u00e3o encontra a prote\u00e7\u00e3o que seu projeto exige<\/a><\/li><\/ul><\/nav><\/div>\n<h2 class=\"wp-block-heading\"><span class=\"ez-toc-section\" id=\"O_que_sao_lonas_plasticas_e_qual_sua_funcao\"><\/span>O que s\u00e3o lonas pl\u00e1sticas e qual sua fun\u00e7\u00e3o?<span class=\"ez-toc-section-end\"><\/span><\/h2>\n\n\n<div class=\"wp-block-image\">\n<figure class=\"alignright size-full is-resized\"><img loading=\"lazy\" decoding=\"async\" width=\"826\" height=\"330\" src=\"https:\/\/ivcembalagens.com.br\/blog\/wp-content\/uploads\/2024\/04\/lona-3.jpg\" alt=\"F\u00e1brica de lonas pl\u00e1sticas\" class=\"wp-image-217\" style=\"width:369px;height:auto\" srcset=\"https:\/\/ivcembalagens.com.br\/blog\/wp-content\/uploads\/2024\/04\/lona-3.jpg 826w, https:\/\/ivcembalagens.com.br\/blog\/wp-content\/uploads\/2024\/04\/lona-3-300x120.jpg 300w, https:\/\/ivcembalagens.com.br\/blog\/wp-content\/uploads\/2024\/04\/lona-3-768x307.jpg 768w\" sizes=\"auto, (max-width: 826px) 100vw, 826px\" \/><\/figure>\n<\/div>\n\n\n<p>As lonas pl\u00e1sticas <strong>s\u00e3o embalagens flex\u00edveis feitas de polietileno, um material resistente e dur\u00e1vel<\/strong>. Elas s\u00e3o fabricadas em diferentes espessuras e podem apresentar diversos aditivos para atender \u00e0s necessidades espec\u00edficas de cada aplica\u00e7\u00e3o.<\/p>\n\n\n\n<p>Sua principal fun\u00e7\u00e3o \u00e9 oferecer prote\u00e7\u00e3o contra chuva, poeira, sol e outros agentes externos, garantindo a integridade dos materiais ou produtos que cobrem.<\/p>\n\n\n\n<p>Al\u00e9m disso, as lonas pl\u00e1sticas tamb\u00e9m s\u00e3o amplamente utilizadas na constru\u00e7\u00e3o civil, agroneg\u00f3cio, ind\u00fastria de eventos, transporte de cargas e outras \u00e1reas, onde sua versatilidade e resist\u00eancia s\u00e3o altamente valorizadas.<\/p>\n\n\n\n<ul class=\"wp-block-list\">\n<li><a href=\"https:\/\/ivcembalagens.com.br\/blog\/bobina-gofrada\/bobina-gofrada-vantagens-e-aplicacoes\/\">Bobina gofrada: Confira 10 vantagens da utiliza\u00e7\u00e3o<\/a><\/li>\n<\/ul>\n\n\n\n<h2 class=\"wp-block-heading\"><span class=\"ez-toc-section\" id=\"Como_identificar_excelencia_em_uma_fabrica_de_lonas_plasticas\"><\/span>Como identificar excel\u00eancia em uma f\u00e1brica de lonas pl\u00e1sticas<span class=\"ez-toc-section-end\"><\/span><\/h2>\n\n\n\n<p>Para garantir que seu investimento traga o retorno esperado, o primeiro passo \u00e9 analisar a infraestrutura produtiva e a proced\u00eancia da mat\u00e9ria-prima.<\/p>\n\n\n\n<p>N\u00f3s entendemos que uma lona eficiente precisa suportar tra\u00e7\u00e3o e varia\u00e7\u00f5es clim\u00e1ticas sem perder a integridade estrutural, por isso priorizamos o uso do <strong>polietileno de baixa densidade (PEBD)<\/strong>. Esse material equilibra flexibilidade e alta prote\u00e7\u00e3o contra umidade, poeira e agentes externos.<\/p>\n\n\n\n<p>Al\u00e9m da qualidade do pol\u00edmero, avalie se a empresa possui capacidade para oferecer <strong>solu\u00e7\u00f5es sob medida<\/strong>.<\/p>\n\n\n\n<p>Muitas vezes, medidas gen\u00e9ricas geram desperd\u00edcio e aumentam o custo final da sua opera\u00e7\u00e3o.<\/p>\n\n\n\n<h3 class=\"wp-block-heading\"><span class=\"ez-toc-section\" id=\"A_importancia_da_micragem_e_resistencia\"><\/span>A import\u00e2ncia da micragem e resist\u00eancia<span class=\"ez-toc-section-end\"><\/span><\/h3>\n\n\n\n<p>A espessura da lona, tecnicamente chamada de micragem, dita onde ela pode ser aplicada com seguran\u00e7a.<\/p>\n\n\n\n<p>Nossa produ\u00e7\u00e3o foca em garantir que cada lote siga padr\u00f5es rigorosos de espessura. Isso evita pontos de fragilidade que poderiam comprometer a seguran\u00e7a da sua carga ou a impermeabiliza\u00e7\u00e3o da sua obra em momentos cr\u00edticos de exposi\u00e7\u00e3o.<\/p>\n\n\n\n<h2 class=\"wp-block-heading\"><span class=\"ez-toc-section\" id=\"Versatilidade_do_fabricante_de_lona_tipos_e_usos\"><\/span>Versatilidade do fabricante de lona: tipos e usos<span class=\"ez-toc-section-end\"><\/span><\/h2>\n\n\n\n<p>Como atuamos na vanguarda do setor, desenvolvemos um cat\u00e1logo que atende desde a constru\u00e7\u00e3o civil at\u00e9 o agroneg\u00f3cio e a log\u00edstica pesada.<\/p>\n\n\n\n<p>As lonas pretas s\u00e3o as protagonistas em <strong>impermeabiliza\u00e7\u00e3o de solos<\/strong> e coberturas r\u00e1pidas. Elas se destacam pelo custo acess\u00edvel e pela opacidade, essencial para bloquear a luz e proteger materiais sens\u00edveis em canteiros de obras.<\/p>\n\n\n\n<h3 class=\"wp-block-heading\"><span class=\"ez-toc-section\" id=\"Solucoes_coloridas_e_funcionais\"><\/span>Solu\u00e7\u00f5es coloridas e funcionais<span class=\"ez-toc-section-end\"><\/span><\/h3>\n\n\n\n<p>J\u00e1 as op\u00e7\u00f5es coloridas ou transparentes s\u00e3o ideais para quem busca <strong>organiza\u00e7\u00e3o visual<\/strong> em estoques ou prote\u00e7\u00e3o de materiais que exigem passagem de luz natural.<\/p>\n\n\n\n<p>Independentemente da cor escolhida, nossa fabrica\u00e7\u00e3o assegura que o pigmento seja aplicado de forma uniforme.<\/p>\n\n\n\n<p>Isso mant\u00e9m a barreira protetora eficiente em toda a extens\u00e3o da bobina, sem falhas na cobertura.<\/p>\n\n\n\n<p>Tamb\u00e9m oferecemos formatos em <strong>folhas individuais<\/strong>, o que facilita o manuseio imediato em situa\u00e7\u00f5es onde a agilidade de aplica\u00e7\u00e3o \u00e9 o fator determinante para o sucesso da tarefa.<\/p>\n\n\n\n<ul class=\"wp-block-list\">\n<li> <a href=\"https:\/\/ivcembalagens.com.br\/blog\/filme-pebd\/filmes-em-pebd-funcionalidade-e-aplicacao\/\">Filmes em PEBD: Conhe\u00e7a suas funcionalidades e diferenciais<\/a><\/li>\n<\/ul>\n\n\n\n<h2 class=\"wp-block-heading\"><span class=\"ez-toc-section\" id=\"Por_que_a_IVC_e_sua_fabrica_de_lonas_plasticas_de_confianca\"><\/span>Por que a IVC \u00e9 sua f\u00e1brica de lonas pl\u00e1sticas de confian\u00e7a<span class=\"ez-toc-section-end\"><\/span><\/h2>\n\n\n\n<p>Desde nossa funda\u00e7\u00e3o em 2000, assumimos o compromisso de entregar n\u00e3o apenas um produto pl\u00e1stico, mas uma solu\u00e7\u00e3o t\u00e9cnica de <strong>alto desempenho<\/strong>.<\/p>\n\n\n\n<p>Diferenciamo-nos no mercado pelo dom\u00ednio completo do ciclo de reciclagem. Transformamos res\u00edduos selecionados em lonas pl\u00e1sticas de alt\u00edssima resist\u00eancia e menor impacto ambiental, unindo consci\u00eancia ecol\u00f3gica e efici\u00eancia industrial.<\/p>\n\n\n\n<p>Acreditamos que a sustentabilidade deve caminhar junto com a economia.<\/p>\n\n\n\n<p>Por sermos fabricantes, otimizamos processos para oferecer <strong>pre\u00e7os competitivos de f\u00e1brica<\/strong> sem abrir m\u00e3o da qualidade.<\/p>\n\n\n\n<p>Nossa equipe t\u00e9cnica atua como uma consultora estrat\u00e9gica, ajudando voc\u00ea a decidir qual aditivo ou medida melhor se adapta \u00e0s particularidades e desafios do seu projeto.<\/p>\n\n\n\n<h2 class=\"wp-block-heading\"><span class=\"ez-toc-section\" id=\"specificacoes_tecnicas_da_nossa_fabrica_de_lonas_plasticas\"><\/span>specifica\u00e7\u00f5es t\u00e9cnicas da nossa fabrica de lonas pl\u00e1sticas<span class=\"ez-toc-section-end\"><\/span><\/h2>\n\n\n<div class=\"wp-block-image\">\n<figure class=\"alignright size-full is-resized\"><img loading=\"lazy\" decoding=\"async\" width=\"996\" height=\"365\" src=\"https:\/\/ivcembalagens.com.br\/blog\/wp-content\/uploads\/2024\/04\/lona-2.jpg\" alt=\"F\u00e1brica de lonas pl\u00e1sticas\" class=\"wp-image-218\" style=\"width:398px;height:auto\" srcset=\"https:\/\/ivcembalagens.com.br\/blog\/wp-content\/uploads\/2024\/04\/lona-2.jpg 996w, https:\/\/ivcembalagens.com.br\/blog\/wp-content\/uploads\/2024\/04\/lona-2-300x110.jpg 300w, https:\/\/ivcembalagens.com.br\/blog\/wp-content\/uploads\/2024\/04\/lona-2-768x281.jpg 768w\" sizes=\"auto, (max-width: 996px) 100vw, 996px\" \/><\/figure>\n<\/div>\n\n\n<p>A precis\u00e3o t\u00e9cnica \u00e9 o que nos mant\u00e9m como refer\u00eancia no desenvolvimento de filmes e lonas em polietileno no Brasil.<\/p>\n\n\n\n<p>Nossas linhas de produ\u00e7\u00e3o s\u00e3o equipadas para inserir <strong>aditivos essenciais<\/strong> que elevam o patamar de seguran\u00e7a e durabilidade do material pl\u00e1stico, atendendo a normas rigorosas de seguran\u00e7a do trabalho e prote\u00e7\u00e3o patrimonial.<\/p>\n\n\n\n<p>Conhe\u00e7a algumas de nossas especialidades:<\/p>\n\n\n\n<ul class=\"wp-block-list\">\n<li><strong>VCI:<\/strong> Prote\u00e7\u00e3o ativa contra corros\u00e3o, ideal para o armazenamento de pe\u00e7as met\u00e1licas e maquin\u00e1rios.<\/li>\n\n\n\n<li><strong>Anti-UV:<\/strong> Protege a lona e o conte\u00fado coberto contra a degrada\u00e7\u00e3o e o ressecamento causados pela radia\u00e7\u00e3o solar.<\/li>\n\n\n\n<li><strong>Antichamas:<\/strong> Essencial para garantir a conformidade em eventos ou setores industriais com risco de igni\u00e7\u00e3o.<\/li>\n<\/ul>\n\n\n\n<h3 class=\"wp-block-heading\"><span class=\"ez-toc-section\" id=\"Customizacao_de_acabamento_e_formato\"><\/span>Customiza\u00e7\u00e3o de acabamento e formato<span class=\"ez-toc-section-end\"><\/span><\/h3>\n\n\n\n<p>Oferecemos acabamentos que variam entre o liso tradicional e a <strong>pigmenta\u00e7\u00e3o personalizada<\/strong>, adaptando-se perfeitamente \u00e0 identidade visual da sua marca.<\/p>\n\n\n\n<p>Seja em bobinas jumbo para grandes ind\u00fastrias ou em medidas fracionadas para usos pontuais, nossa estrutura est\u00e1 pronta para suprir sua demanda com pontualidade.<\/p>\n\n\n\n<p>Trabalhar com a IVC Embalagens significa ter a seguran\u00e7a de um <strong>fabricante de lona<\/strong> que entende as varia\u00e7\u00f5es do mercado e entrega durabilidade real em cada metro produzido.<\/p>\n\n\n\n<ul class=\"wp-block-list\">\n<li><a href=\"https:\/\/ivcembalagens.com.br\/blog\/bobina-termoencolhivel\/conheca-uma-fabrica-de-bobinas-plasticas\/\">F\u00e1brica de bobinas pl\u00e1sticas: Solu\u00e7\u00f5es sustent\u00e1veis para embalagens<\/a><\/li>\n<\/ul>\n\n\n\n<h2 class=\"wp-block-heading\"><span class=\"ez-toc-section\" id=\"Duvidas_frequentes\"><\/span>D\u00favidas frequentes<span class=\"ez-toc-section-end\"><\/span><\/h2>\n\n\n\n<p><strong>Qual o valor do metro de lona pl\u00e1stica?<\/strong><\/p>\n\n\n\n<p>O valor do metro de lona pl\u00e1stica pode variar dependendo do tipo, espessura e fornecedor.<\/p>\n\n\n\n<p>Para obter uma cota\u00e7\u00e3o de valores, <a href=\"https:\/\/ivcembalagens.com.br\/contato\">entre em contato<\/a> conosco e nossa equipe ter\u00e1 prazer em fornecer informa\u00e7\u00f5es detalhadas de acordo com suas necessidades espec\u00edficas.<\/p>\n\n\n\n<p><strong>Qual a melhor lona pl\u00e1stica de mercado?<\/strong><\/p>\n\n\n\n<p>As <a href=\"https:\/\/ivcembalagens.com.br\/lona-plastica\">lonas pl\u00e1sticas da IVC Embalagens<\/a> s\u00e3o amplamente reconhecidas como algumas das melhores do mercado. Com uma variedade de op\u00e7\u00f5es de materiais, espessuras e aditivos, nossas lonas s\u00e3o projetadas para atender \u00e0s mais altas exig\u00eancias de qualidade e desempenho.<\/p>\n\n\n\n<p><strong>Qual a largura da lona pl\u00e1stica preta?<\/strong><\/p>\n\n\n\n<p>A largura da lona pl\u00e1stica preta pode variar dependendo do tipo e espessura. Nossas lonas pl\u00e1sticas est\u00e3o dispon\u00edveis em diferentes medidas, desde 2 metros at\u00e9 5 metros de largura, conforme detalhado em <a href=\"https:\/\/ivcembalagens.com.br\/lona-plastica\">nossa tabela de medidas<\/a>.<\/p>\n\n\n\n<h2 class=\"wp-block-heading\"><span class=\"ez-toc-section\" id=\"Onde_a_inovacao_encontra_a_protecao_que_seu_projeto_exige\"><\/span>Onde a inova\u00e7\u00e3o encontra a prote\u00e7\u00e3o que seu projeto exige<span class=\"ez-toc-section-end\"><\/span><\/h2>\n\n\n\n<p>Escolher a IVC Embalagens significa optar por uma <strong>f\u00e1brica de lonas pl\u00e1sticas<\/strong> que entende que cada cobertura protege um investimento valioso.<\/p>\n\n\n\n<p>N\u00f3s n\u00e3o entregamos apenas pl\u00e1stico; entregamos a tranquilidade de saber que sua carga, sua obra ou seu plantio est\u00e3o resguardados pela tecnologia de um <strong>fabricante de lona<\/strong> que \u00e9 refer\u00eancia em durabilidade e consci\u00eancia ambiental.<\/p>\n\n\n\n<p>Estamos prontos para transformar sua necessidade em uma solu\u00e7\u00e3o de alta performance.<\/p>\n\n\n\n<p>Seja para uma demanda industrial complexa ou para uma aplica\u00e7\u00e3o log\u00edstica pontual, nossa equipe t\u00e9cnica aguarda seu contato para configurar o material ideal.<\/p>\n\n\n\n<p><strong>Que tal solicitar um or\u00e7amento personalizado agora e garantir a m\u00e1xima prote\u00e7\u00e3o com pre\u00e7o direto de f\u00e1brica?<\/strong><\/p>\n\n\n\n<figure class=\"wp-block-image size-full is-resized\"><img loading=\"lazy\" decoding=\"async\" width=\"108\" height=\"145\" src=\"https:\/\/ivcembalagens.com.br\/blog\/wp-content\/uploads\/2023\/10\/ivc-logo-removebg-preview-1.png\" alt=\"\" class=\"wp-image-103\" style=\"width:50px;height:auto\"\/><\/figure>\n","protected":false},"excerpt":{"rendered":"<p><span class=\"rt-reading-time\" style=\"display: block;\"><span class=\"rt-label rt-prefix\">Tempo de leitura:<\/span> <span class=\"rt-time\">6<\/span> <span class=\"rt-label rt-postfix\">minutos<\/span><\/span> Encontre a melhor f\u00e1brica de lonas pl\u00e1sticas para seu projeto. Conhe\u00e7a as solu\u00e7\u00f5es em PEBD da IVC Embalagens e garanta m\u00e1xima resist\u00eancia. Seja para cobrir materiais em uma constru\u00e7\u00e3o, proteger cargas durante o transporte ou criar abrigos tempor\u00e1rios, as lonas&#8230;<\/p>\n","protected":false},"author":1,"featured_media":216,"comment_status":"open","ping_status":"open","sticky":false,"template":"","format":"standard","meta":{"footnotes":""},"categories":[925],"tags":[5357,5356,940,5355,5358,936,5377,5376,1005,5375,5378,1001,5381,5380,1018,5379,5382,1014,5361,5360,953,5359,5362,949,5365,5364,966,5363,5366,962,5369,5368,979,5367,5370,975,5373,5372,992,5371,5374,988,5410,5402,5396,5434,5446,5428,5406,5440,5392,5388,5416,5384,5422,5411,5403,5397,5435,5447,5429,5407,5441,5393,5389,5417,1135,5400,1109,5432,5444,5426,1122,5438,1083,1070,5414,1057,5420,5385,5409,5401,5395,5433,5445,5427,5405,5439,5391,5387,5415,5383,5421,5423,5412,5404,5398,5436,5448,5430,5408,5442,5394,5390,5418,1131,5399,1105,5431,5443,5425,1118,5437,1079,1066,5413,1053,5419,5386,5424,5353,5352,927,5351,5354],"class_list":["post-215","post","type-post","status-publish","format-standard","has-post-thumbnail","hentry","category-lonas-plasticas","tag-comprar-lona","tag-comprar-lona-branca","tag-comprar-lona-plastica","tag-comprar-lona-preta","tag-comprar-lonas","tag-comprar-lonas-plasticas","tag-distribuidor-de-lona","tag-distribuidor-de-lona-branca","tag-distribuidor-de-lona-plastica","tag-distribuidor-de-lona-preta","tag-distribuidor-de-lonas","tag-distribuidor-de-lonas-plasticas","tag-distribuidora-de-lona","tag-distribuidora-de-lona-branca","tag-distribuidora-de-lona-plastica","tag-distribuidora-de-lona-preta","tag-distribuidora-de-lonas","tag-distribuidora-de-lonas-plasticas","tag-empresa-de-lona","tag-empresa-de-lona-branca","tag-empresa-de-lona-plastica","tag-empresa-de-lona-preta","tag-empresa-de-lonas","tag-empresa-de-lonas-plasticas","tag-fabrica-de-lona","tag-fabrica-de-lona-branca","tag-fabrica-de-lona-plastica","tag-fabrica-de-lona-preta","tag-fabrica-de-lonas","tag-fabrica-de-lonas-plasticas","tag-fabricante-de-lona","tag-fabricante-de-lona-branca","tag-fabricante-de-lona-plastica","tag-fabricante-de-lona-preta","tag-fabricante-de-lonas","tag-fabricante-de-lonas-plasticas","tag-fornecedor-de-lona","tag-fornecedor-de-lona-branca","tag-fornecedor-de-lona-plastica","tag-fornecedor-de-lona-preta","tag-fornecedor-de-lonas","tag-fornecedor-de-lonas-plasticas","tag-lona-branca-direto-da-fabrica","tag-lona-branca-em-alphaville","tag-lona-branca-em-barueri","tag-lona-branca-em-carapicuiba","tag-lona-branca-em-itapevi","tag-lona-branca-em-jandira","tag-lona-branca-em-promocao","tag-lona-branca-em-santana-de-parnaiba","tag-lona-branca-em-sao-paulo","tag-lona-branca-em-sp","tag-lona-branca-perto-de-mim","tag-lona-branca-preco","tag-lona-branca-proximo-a-mim","tag-lona-direto-da-fabrica","tag-lona-em-alphaville","tag-lona-em-barueri","tag-lona-em-carapicuiba","tag-lona-em-itapevi","tag-lona-em-jandira","tag-lona-em-promocao","tag-lona-em-santana-de-parnaiba","tag-lona-em-sao-paulo","tag-lona-em-sp","tag-lona-perto-de-mim","tag-lona-plastica-direto-da-fabrica","tag-lona-plastica-em-alphaville","tag-lona-plastica-em-barueri","tag-lona-plastica-em-carapicuiba","tag-lona-plastica-em-itapevi","tag-lona-plastica-em-jandira","tag-lona-plastica-em-promocao","tag-lona-plastica-em-santana-de-parnaiba","tag-lona-plastica-em-sao-paulo","tag-lona-plastica-em-sp","tag-lona-plastica-perto-de-mim","tag-lona-plastica-preco","tag-lona-plastica-proximo-a-mim","tag-lona-preco","tag-lona-preta-direto-da-fabrica","tag-lona-preta-em-alphaville","tag-lona-preta-em-barueri","tag-lona-preta-em-carapicuiba","tag-lona-preta-em-itapevi","tag-lona-preta-em-jandira","tag-lona-preta-em-promocao","tag-lona-preta-em-santana-de-parnaiba","tag-lona-preta-em-sao-paulo","tag-lona-preta-em-sp","tag-lona-preta-perto-de-mim","tag-lona-preta-preco","tag-lona-preta-proximo-a-mim","tag-lona-proximo-a-mim","tag-lonas-direto-da-fabrica","tag-lonas-em-alphaville","tag-lonas-em-barueri","tag-lonas-em-carapicuiba","tag-lonas-em-itapevi","tag-lonas-em-jandira","tag-lonas-em-promocao","tag-lonas-em-santana-de-parnaiba","tag-lonas-em-sao-paulo","tag-lonas-em-sp","tag-lonas-perto-de-mim","tag-lonas-plasticas-direto-da-fabrica","tag-lonas-plasticas-em-alphaville","tag-lonas-plasticas-em-barueri","tag-lonas-plasticas-em-carapicuiba","tag-lonas-plasticas-em-itapevi","tag-lonas-plasticas-em-jandira","tag-lonas-plasticas-em-promocao","tag-lonas-plasticas-em-santana-de-parnaiba","tag-lonas-plasticas-em-sao-paulo","tag-lonas-plasticas-em-sp","tag-lonas-plasticas-perto-de-mim","tag-lonas-plasticas-preco","tag-lonas-plasticas-proximo-a-mim","tag-lonas-preco","tag-lonas-proximo-a-mim","tag-onde-encontrar-lona","tag-onde-encontrar-lona-branca","tag-onde-encontrar-lona-plastica","tag-onde-encontrar-lona-preta","tag-onde-encontrar-lonas"],"yoast_head":"<!-- This site is optimized with the Yoast SEO plugin v20.6 - https:\/\/yoast.com\/wordpress\/plugins\/seo\/ -->\n<title>F\u00e1brica de lonas pl\u00e1sticas: Conhe\u00e7a a IVC Embalagens!<\/title>\n<meta name=\"description\" content=\"Encontre a melhor f\u00e1brica de lonas pl\u00e1sticas para seu projeto. Conhe\u00e7a as solu\u00e7\u00f5es em PEBD da IVC Embalagens e garanta m\u00e1xima resist\u00eancia.\" \/>\n<meta name=\"robots\" content=\"index, follow, max-snippet:-1, max-image-preview:large, max-video-preview:-1\" \/>\n<link rel=\"canonical\" href=\"https:\/\/ivcembalagens.com.br\/blog\/lonas-plasticas\/fabrica-de-lonas-plasticas-saiba-qual-escolher\/\" \/>\n<meta property=\"og:locale\" content=\"pt_BR\" \/>\n<meta property=\"og:type\" content=\"article\" \/>\n<meta property=\"og:title\" content=\"F\u00e1brica de lonas pl\u00e1sticas: Conhe\u00e7a a IVC Embalagens!\" \/>\n<meta property=\"og:description\" content=\"Encontre a melhor f\u00e1brica de lonas pl\u00e1sticas para seu projeto. Conhe\u00e7a as solu\u00e7\u00f5es em PEBD da IVC Embalagens e garanta m\u00e1xima resist\u00eancia.\" \/>\n<meta property=\"og:url\" content=\"https:\/\/ivcembalagens.com.br\/blog\/lonas-plasticas\/fabrica-de-lonas-plasticas-saiba-qual-escolher\/\" \/>\n<meta property=\"og:site_name\" content=\"IVC Embalagens\" \/>\n<meta property=\"article:published_time\" content=\"2026-01-23T18:42:42+00:00\" \/>\n<meta property=\"article:modified_time\" content=\"2026-01-23T18:42:44+00:00\" \/>\n<meta property=\"og:image\" content=\"https:\/\/ivcembalagens.com.br\/blog\/wp-content\/uploads\/2024\/04\/lona.jpg\" \/>\n\t<meta property=\"og:image:width\" content=\"740\" \/>\n\t<meta property=\"og:image:height\" content=\"494\" \/>\n\t<meta property=\"og:image:type\" content=\"image\/jpeg\" \/>\n<meta name=\"author\" content=\"admin\" \/>\n<meta name=\"twitter:card\" content=\"summary_large_image\" \/>\n<meta name=\"twitter:label1\" content=\"Escrito por\" \/>\n\t<meta name=\"twitter:data1\" content=\"admin\" \/>\n\t<meta name=\"twitter:label2\" content=\"Est. tempo de leitura\" \/>\n\t<meta name=\"twitter:data2\" content=\"7 minutos\" \/>\n<script type=\"application\/ld+json\" class=\"yoast-schema-graph\">{\"@context\":\"https:\/\/schema.org\",\"@graph\":[{\"@type\":\"Article\",\"@id\":\"https:\/\/ivcembalagens.com.br\/blog\/lonas-plasticas\/fabrica-de-lonas-plasticas-saiba-qual-escolher\/#article\",\"isPartOf\":{\"@id\":\"https:\/\/ivcembalagens.com.br\/blog\/lonas-plasticas\/fabrica-de-lonas-plasticas-saiba-qual-escolher\/\"},\"author\":{\"name\":\"admin\",\"@id\":\"https:\/\/ivcembalagens.com.br\/blog\/#\/schema\/person\/4533234d89e35d56f66e104873a56730\"},\"headline\":\"F\u00e1brica de lonas pl\u00e1sticas: Conhe\u00e7a a IVC Embalagens!\",\"datePublished\":\"2026-01-23T18:42:42+00:00\",\"dateModified\":\"2026-01-23T18:42:44+00:00\",\"mainEntityOfPage\":{\"@id\":\"https:\/\/ivcembalagens.com.br\/blog\/lonas-plasticas\/fabrica-de-lonas-plasticas-saiba-qual-escolher\/\"},\"wordCount\":1244,\"commentCount\":0,\"publisher\":{\"@id\":\"https:\/\/ivcembalagens.com.br\/blog\/#organization\"},\"keywords\":[\"comprar lona\",\"comprar lona branca\",\"comprar Lona pl\u00e1stica\",\"comprar Lona Preta\",\"comprar lonas\",\"comprar Lonas pl\u00e1sticas\",\"distribuidor de lona\",\"distribuidor de lona branca\",\"distribuidor de Lona pl\u00e1stica\",\"distribuidor de Lona Preta\",\"distribuidor de lonas\",\"distribuidor de Lonas pl\u00e1sticas\",\"distribuidora de lona\",\"distribuidora de lona branca\",\"distribuidora de Lona pl\u00e1stica\",\"distribuidora de Lona Preta\",\"distribuidora de lonas\",\"distribuidora de Lonas pl\u00e1sticas\",\"empresa de lona\",\"empresa de lona branca\",\"empresa de Lona pl\u00e1stica\",\"empresa de Lona Preta\",\"empresa de lonas\",\"empresa de Lonas pl\u00e1sticas\",\"f\u00e1brica de lona\",\"f\u00e1brica de lona branca\",\"f\u00e1brica de Lona pl\u00e1stica\",\"f\u00e1brica de Lona Preta\",\"f\u00e1brica de lonas\",\"f\u00e1brica de Lonas pl\u00e1sticas\",\"fabricante de lona\",\"fabricante de lona branca\",\"fabricante de Lona pl\u00e1stica\",\"fabricante de Lona Preta\",\"fabricante de lonas\",\"fabricante de Lonas pl\u00e1sticas\",\"fornecedor de lona\",\"fornecedor de lona branca\",\"fornecedor de Lona pl\u00e1stica\",\"fornecedor de Lona Preta\",\"fornecedor de lonas\",\"fornecedor de Lonas pl\u00e1sticas\",\"lona branca direto da fabrica\",\"lona branca em Alphaville\",\"lona branca em Barueri\",\"lona branca em Carapicu\u00edba\",\"lona branca em Itapevi\",\"lona branca em Jandira\",\"lona branca em promo\u00e7\u00e3o\",\"lona branca em Santana de Parna\u00edba\",\"lona branca em s\u00e3o paulo\",\"lona branca em sp\",\"lona branca perto de mim\",\"lona branca pre\u00e7o\",\"lona branca pr\u00f3ximo a mim\",\"lona direto da fabrica\",\"lona em Alphaville\",\"lona em Barueri\",\"lona em Carapicu\u00edba\",\"lona em Itapevi\",\"lona em Jandira\",\"lona em promo\u00e7\u00e3o\",\"lona em Santana de Parna\u00edba\",\"lona em s\u00e3o paulo\",\"lona em sp\",\"lona perto de mim\",\"Lona pl\u00e1stica direto da fabrica\",\"lona pl\u00e1stica em Alphaville\",\"Lona pl\u00e1stica em Barueri\",\"lona pl\u00e1stica em Carapicu\u00edba\",\"lona pl\u00e1stica em Itapevi\",\"lona pl\u00e1stica em Jandira\",\"Lona pl\u00e1stica em promo\u00e7\u00e3o\",\"lona pl\u00e1stica em Santana de Parna\u00edba\",\"Lona pl\u00e1stica em s\u00e3o paulo\",\"Lona pl\u00e1stica em sp\",\"lona pl\u00e1stica perto de mim\",\"Lona pl\u00e1stica pre\u00e7o\",\"lona pl\u00e1stica pr\u00f3ximo a mim\",\"lona pre\u00e7o\",\"Lona Preta direto da fabrica\",\"Lona Preta em Alphaville\",\"Lona Preta em Barueri\",\"Lona Preta em Carapicu\u00edba\",\"Lona Preta em Itapevi\",\"Lona Preta em Jandira\",\"Lona Preta em promo\u00e7\u00e3o\",\"Lona Preta em Santana de Parna\u00edba\",\"Lona Preta em s\u00e3o paulo\",\"Lona Preta em sp\",\"Lona Preta perto de mim\",\"Lona Preta pre\u00e7o\",\"Lona Preta pr\u00f3ximo a mim\",\"lona pr\u00f3ximo a mim\",\"lonas direto da fabrica\",\"lonas em Alphaville\",\"lonas em Barueri\",\"lonas em Carapicu\u00edba\",\"lonas em Itapevi\",\"lonas em Jandira\",\"lonas em promo\u00e7\u00e3o\",\"lonas em Santana de Parna\u00edba\",\"lonas em s\u00e3o paulo\",\"lonas em sp\",\"lonas perto de mim\",\"Lonas pl\u00e1sticas direto da fabrica\",\"lonas pl\u00e1sticas em Alphaville\",\"Lonas pl\u00e1sticas em Barueri\",\"lonas pl\u00e1sticas em Carapicu\u00edba\",\"lonas pl\u00e1sticas em Itapevi\",\"lonas pl\u00e1sticas em Jandira\",\"Lonas pl\u00e1sticas em promo\u00e7\u00e3o\",\"lonas pl\u00e1sticas em Santana de Parna\u00edba\",\"Lonas pl\u00e1sticas em s\u00e3o paulo\",\"Lonas pl\u00e1sticas em sp\",\"lonas pl\u00e1sticas perto de mim\",\"Lonas pl\u00e1sticas pre\u00e7o\",\"lonas pl\u00e1sticas pr\u00f3ximo a mim\",\"lonas pre\u00e7o\",\"lonas pr\u00f3ximo a mim\",\"onde encontrar lona\",\"onde encontrar lona branca\",\"onde encontrar Lona pl\u00e1stica\",\"onde encontrar Lona Preta\",\"onde encontrar lonas\"],\"articleSection\":[\"Lonas pl\u00e1sticas\"],\"inLanguage\":\"pt-BR\",\"potentialAction\":[{\"@type\":\"CommentAction\",\"name\":\"Comment\",\"target\":[\"https:\/\/ivcembalagens.com.br\/blog\/lonas-plasticas\/fabrica-de-lonas-plasticas-saiba-qual-escolher\/#respond\"]}]},{\"@type\":\"WebPage\",\"@id\":\"https:\/\/ivcembalagens.com.br\/blog\/lonas-plasticas\/fabrica-de-lonas-plasticas-saiba-qual-escolher\/\",\"url\":\"https:\/\/ivcembalagens.com.br\/blog\/lonas-plasticas\/fabrica-de-lonas-plasticas-saiba-qual-escolher\/\",\"name\":\"F\u00e1brica de lonas pl\u00e1sticas: Conhe\u00e7a a IVC Embalagens!\",\"isPartOf\":{\"@id\":\"https:\/\/ivcembalagens.com.br\/blog\/#website\"},\"datePublished\":\"2026-01-23T18:42:42+00:00\",\"dateModified\":\"2026-01-23T18:42:44+00:00\",\"description\":\"Encontre a melhor f\u00e1brica de lonas pl\u00e1sticas para seu projeto. Conhe\u00e7a as solu\u00e7\u00f5es em PEBD da IVC Embalagens e garanta m\u00e1xima resist\u00eancia.\",\"breadcrumb\":{\"@id\":\"https:\/\/ivcembalagens.com.br\/blog\/lonas-plasticas\/fabrica-de-lonas-plasticas-saiba-qual-escolher\/#breadcrumb\"},\"inLanguage\":\"pt-BR\",\"potentialAction\":[{\"@type\":\"ReadAction\",\"target\":[\"https:\/\/ivcembalagens.com.br\/blog\/lonas-plasticas\/fabrica-de-lonas-plasticas-saiba-qual-escolher\/\"]}]},{\"@type\":\"BreadcrumbList\",\"@id\":\"https:\/\/ivcembalagens.com.br\/blog\/lonas-plasticas\/fabrica-de-lonas-plasticas-saiba-qual-escolher\/#breadcrumb\",\"itemListElement\":[{\"@type\":\"ListItem\",\"position\":1,\"name\":\"In\u00edcio\",\"item\":\"https:\/\/ivcembalagens.com.br\/blog\/\"},{\"@type\":\"ListItem\",\"position\":2,\"name\":\"F\u00e1brica de lonas pl\u00e1sticas: Conhe\u00e7a a IVC Embalagens!\"}]},{\"@type\":\"WebSite\",\"@id\":\"https:\/\/ivcembalagens.com.br\/blog\/#website\",\"url\":\"https:\/\/ivcembalagens.com.br\/blog\/\",\"name\":\"IVC Embalagens\",\"description\":\"Blog IVC\",\"publisher\":{\"@id\":\"https:\/\/ivcembalagens.com.br\/blog\/#organization\"},\"potentialAction\":[{\"@type\":\"SearchAction\",\"target\":{\"@type\":\"EntryPoint\",\"urlTemplate\":\"https:\/\/ivcembalagens.com.br\/blog\/?s={search_term_string}\"},\"query-input\":\"required name=search_term_string\"}],\"inLanguage\":\"pt-BR\"},{\"@type\":\"Organization\",\"@id\":\"https:\/\/ivcembalagens.com.br\/blog\/#organization\",\"name\":\"IVC Embalagens\",\"url\":\"https:\/\/ivcembalagens.com.br\/blog\/\",\"logo\":{\"@type\":\"ImageObject\",\"inLanguage\":\"pt-BR\",\"@id\":\"https:\/\/ivcembalagens.com.br\/blog\/#\/schema\/logo\/image\/\",\"url\":\"https:\/\/ivcembalagens.com.br\/blog\/wp-content\/uploads\/2023\/10\/ivc-logo-removebg-preview-1.png\",\"contentUrl\":\"https:\/\/ivcembalagens.com.br\/blog\/wp-content\/uploads\/2023\/10\/ivc-logo-removebg-preview-1.png\",\"width\":108,\"height\":145,\"caption\":\"IVC Embalagens \"},\"image\":{\"@id\":\"https:\/\/ivcembalagens.com.br\/blog\/#\/schema\/logo\/image\/\"}},{\"@type\":\"Person\",\"@id\":\"https:\/\/ivcembalagens.com.br\/blog\/#\/schema\/person\/4533234d89e35d56f66e104873a56730\",\"name\":\"admin\",\"image\":{\"@type\":\"ImageObject\",\"inLanguage\":\"pt-BR\",\"@id\":\"https:\/\/ivcembalagens.com.br\/blog\/#\/schema\/person\/image\/\",\"url\":\"https:\/\/secure.gravatar.com\/avatar\/3813f53848958b8842eeafda91666185a90010f65ed554379b78794cde6f234a?s=96&d=mm&r=g\",\"contentUrl\":\"https:\/\/secure.gravatar.com\/avatar\/3813f53848958b8842eeafda91666185a90010f65ed554379b78794cde6f234a?s=96&d=mm&r=g\",\"caption\":\"admin\"},\"sameAs\":[\"http:\/\/ivcembalagens.com.br\/blog\"],\"url\":\"https:\/\/ivcembalagens.com.br\/blog\/author\/admin\/\"}]}<\/script>\n<!-- \/ Yoast SEO plugin. -->","yoast_head_json":{"title":"F\u00e1brica de lonas pl\u00e1sticas: Conhe\u00e7a a IVC Embalagens!","description":"Encontre a melhor f\u00e1brica de lonas pl\u00e1sticas para seu projeto. Conhe\u00e7a as solu\u00e7\u00f5es em PEBD da IVC Embalagens e garanta m\u00e1xima resist\u00eancia.","robots":{"index":"index","follow":"follow","max-snippet":"max-snippet:-1","max-image-preview":"max-image-preview:large","max-video-preview":"max-video-preview:-1"},"canonical":"https:\/\/ivcembalagens.com.br\/blog\/lonas-plasticas\/fabrica-de-lonas-plasticas-saiba-qual-escolher\/","og_locale":"pt_BR","og_type":"article","og_title":"F\u00e1brica de lonas pl\u00e1sticas: Conhe\u00e7a a IVC Embalagens!","og_description":"Encontre a melhor f\u00e1brica de lonas pl\u00e1sticas para seu projeto. Conhe\u00e7a as solu\u00e7\u00f5es em PEBD da IVC Embalagens e garanta m\u00e1xima resist\u00eancia.","og_url":"https:\/\/ivcembalagens.com.br\/blog\/lonas-plasticas\/fabrica-de-lonas-plasticas-saiba-qual-escolher\/","og_site_name":"IVC Embalagens","article_published_time":"2026-01-23T18:42:42+00:00","article_modified_time":"2026-01-23T18:42:44+00:00","og_image":[{"width":740,"height":494,"url":"https:\/\/ivcembalagens.com.br\/blog\/wp-content\/uploads\/2024\/04\/lona.jpg","type":"image\/jpeg"}],"author":"admin","twitter_card":"summary_large_image","twitter_misc":{"Escrito por":"admin","Est. tempo de leitura":"7 minutos"},"schema":{"@context":"https:\/\/schema.org","@graph":[{"@type":"Article","@id":"https:\/\/ivcembalagens.com.br\/blog\/lonas-plasticas\/fabrica-de-lonas-plasticas-saiba-qual-escolher\/#article","isPartOf":{"@id":"https:\/\/ivcembalagens.com.br\/blog\/lonas-plasticas\/fabrica-de-lonas-plasticas-saiba-qual-escolher\/"},"author":{"name":"admin","@id":"https:\/\/ivcembalagens.com.br\/blog\/#\/schema\/person\/4533234d89e35d56f66e104873a56730"},"headline":"F\u00e1brica de lonas pl\u00e1sticas: Conhe\u00e7a a IVC Embalagens!","datePublished":"2026-01-23T18:42:42+00:00","dateModified":"2026-01-23T18:42:44+00:00","mainEntityOfPage":{"@id":"https:\/\/ivcembalagens.com.br\/blog\/lonas-plasticas\/fabrica-de-lonas-plasticas-saiba-qual-escolher\/"},"wordCount":1244,"commentCount":0,"publisher":{"@id":"https:\/\/ivcembalagens.com.br\/blog\/#organization"},"keywords":["comprar lona","comprar lona branca","comprar Lona pl\u00e1stica","comprar Lona Preta","comprar lonas","comprar Lonas pl\u00e1sticas","distribuidor de lona","distribuidor de lona branca","distribuidor de Lona pl\u00e1stica","distribuidor de Lona Preta","distribuidor de lonas","distribuidor de Lonas pl\u00e1sticas","distribuidora de lona","distribuidora de lona branca","distribuidora de Lona pl\u00e1stica","distribuidora de Lona Preta","distribuidora de lonas","distribuidora de Lonas pl\u00e1sticas","empresa de lona","empresa de lona branca","empresa de Lona pl\u00e1stica","empresa de Lona Preta","empresa de lonas","empresa de Lonas pl\u00e1sticas","f\u00e1brica de lona","f\u00e1brica de lona branca","f\u00e1brica de Lona pl\u00e1stica","f\u00e1brica de Lona Preta","f\u00e1brica de lonas","f\u00e1brica de Lonas pl\u00e1sticas","fabricante de lona","fabricante de lona branca","fabricante de Lona pl\u00e1stica","fabricante de Lona Preta","fabricante de lonas","fabricante de Lonas pl\u00e1sticas","fornecedor de lona","fornecedor de lona branca","fornecedor de Lona pl\u00e1stica","fornecedor de Lona Preta","fornecedor de lonas","fornecedor de Lonas pl\u00e1sticas","lona branca direto da fabrica","lona branca em Alphaville","lona branca em Barueri","lona branca em Carapicu\u00edba","lona branca em Itapevi","lona branca em Jandira","lona branca em promo\u00e7\u00e3o","lona branca em Santana de Parna\u00edba","lona branca em s\u00e3o paulo","lona branca em sp","lona branca perto de mim","lona branca pre\u00e7o","lona branca pr\u00f3ximo a mim","lona direto da fabrica","lona em Alphaville","lona em Barueri","lona em Carapicu\u00edba","lona em Itapevi","lona em Jandira","lona em promo\u00e7\u00e3o","lona em Santana de Parna\u00edba","lona em s\u00e3o paulo","lona em sp","lona perto de mim","Lona pl\u00e1stica direto da fabrica","lona pl\u00e1stica em Alphaville","Lona pl\u00e1stica em Barueri","lona pl\u00e1stica em Carapicu\u00edba","lona pl\u00e1stica em Itapevi","lona pl\u00e1stica em Jandira","Lona pl\u00e1stica em promo\u00e7\u00e3o","lona pl\u00e1stica em Santana de Parna\u00edba","Lona pl\u00e1stica em s\u00e3o paulo","Lona pl\u00e1stica em sp","lona pl\u00e1stica perto de mim","Lona pl\u00e1stica pre\u00e7o","lona pl\u00e1stica pr\u00f3ximo a mim","lona pre\u00e7o","Lona Preta direto da fabrica","Lona Preta em Alphaville","Lona Preta em Barueri","Lona Preta em Carapicu\u00edba","Lona Preta em Itapevi","Lona Preta em Jandira","Lona Preta em promo\u00e7\u00e3o","Lona Preta em Santana de Parna\u00edba","Lona Preta em s\u00e3o paulo","Lona Preta em sp","Lona Preta perto de mim","Lona Preta pre\u00e7o","Lona Preta pr\u00f3ximo a mim","lona pr\u00f3ximo a mim","lonas direto da fabrica","lonas em Alphaville","lonas em Barueri","lonas em Carapicu\u00edba","lonas em Itapevi","lonas em Jandira","lonas em promo\u00e7\u00e3o","lonas em Santana de Parna\u00edba","lonas em s\u00e3o paulo","lonas em sp","lonas perto de mim","Lonas pl\u00e1sticas direto da fabrica","lonas pl\u00e1sticas em Alphaville","Lonas pl\u00e1sticas em Barueri","lonas pl\u00e1sticas em Carapicu\u00edba","lonas pl\u00e1sticas em Itapevi","lonas pl\u00e1sticas em Jandira","Lonas pl\u00e1sticas em promo\u00e7\u00e3o","lonas pl\u00e1sticas em Santana de Parna\u00edba","Lonas pl\u00e1sticas em s\u00e3o paulo","Lonas pl\u00e1sticas em sp","lonas pl\u00e1sticas perto de mim","Lonas pl\u00e1sticas pre\u00e7o","lonas pl\u00e1sticas pr\u00f3ximo a mim","lonas pre\u00e7o","lonas pr\u00f3ximo a mim","onde encontrar lona","onde encontrar lona branca","onde encontrar Lona pl\u00e1stica","onde encontrar Lona Preta","onde encontrar lonas"],"articleSection":["Lonas pl\u00e1sticas"],"inLanguage":"pt-BR","potentialAction":[{"@type":"CommentAction","name":"Comment","target":["https:\/\/ivcembalagens.com.br\/blog\/lonas-plasticas\/fabrica-de-lonas-plasticas-saiba-qual-escolher\/#respond"]}]},{"@type":"WebPage","@id":"https:\/\/ivcembalagens.com.br\/blog\/lonas-plasticas\/fabrica-de-lonas-plasticas-saiba-qual-escolher\/","url":"https:\/\/ivcembalagens.com.br\/blog\/lonas-plasticas\/fabrica-de-lonas-plasticas-saiba-qual-escolher\/","name":"F\u00e1brica de lonas pl\u00e1sticas: Conhe\u00e7a a IVC Embalagens!","isPartOf":{"@id":"https:\/\/ivcembalagens.com.br\/blog\/#website"},"datePublished":"2026-01-23T18:42:42+00:00","dateModified":"2026-01-23T18:42:44+00:00","description":"Encontre a melhor f\u00e1brica de lonas pl\u00e1sticas para seu projeto. Conhe\u00e7a as solu\u00e7\u00f5es em PEBD da IVC Embalagens e garanta m\u00e1xima resist\u00eancia.","breadcrumb":{"@id":"https:\/\/ivcembalagens.com.br\/blog\/lonas-plasticas\/fabrica-de-lonas-plasticas-saiba-qual-escolher\/#breadcrumb"},"inLanguage":"pt-BR","potentialAction":[{"@type":"ReadAction","target":["https:\/\/ivcembalagens.com.br\/blog\/lonas-plasticas\/fabrica-de-lonas-plasticas-saiba-qual-escolher\/"]}]},{"@type":"BreadcrumbList","@id":"https:\/\/ivcembalagens.com.br\/blog\/lonas-plasticas\/fabrica-de-lonas-plasticas-saiba-qual-escolher\/#breadcrumb","itemListElement":[{"@type":"ListItem","position":1,"name":"In\u00edcio","item":"https:\/\/ivcembalagens.com.br\/blog\/"},{"@type":"ListItem","position":2,"name":"F\u00e1brica de lonas pl\u00e1sticas: Conhe\u00e7a a IVC Embalagens!"}]},{"@type":"WebSite","@id":"https:\/\/ivcembalagens.com.br\/blog\/#website","url":"https:\/\/ivcembalagens.com.br\/blog\/","name":"IVC Embalagens","description":"Blog IVC","publisher":{"@id":"https:\/\/ivcembalagens.com.br\/blog\/#organization"},"potentialAction":[{"@type":"SearchAction","target":{"@type":"EntryPoint","urlTemplate":"https:\/\/ivcembalagens.com.br\/blog\/?s={search_term_string}"},"query-input":"required name=search_term_string"}],"inLanguage":"pt-BR"},{"@type":"Organization","@id":"https:\/\/ivcembalagens.com.br\/blog\/#organization","name":"IVC Embalagens","url":"https:\/\/ivcembalagens.com.br\/blog\/","logo":{"@type":"ImageObject","inLanguage":"pt-BR","@id":"https:\/\/ivcembalagens.com.br\/blog\/#\/schema\/logo\/image\/","url":"https:\/\/ivcembalagens.com.br\/blog\/wp-content\/uploads\/2023\/10\/ivc-logo-removebg-preview-1.png","contentUrl":"https:\/\/ivcembalagens.com.br\/blog\/wp-content\/uploads\/2023\/10\/ivc-logo-removebg-preview-1.png","width":108,"height":145,"caption":"IVC Embalagens "},"image":{"@id":"https:\/\/ivcembalagens.com.br\/blog\/#\/schema\/logo\/image\/"}},{"@type":"Person","@id":"https:\/\/ivcembalagens.com.br\/blog\/#\/schema\/person\/4533234d89e35d56f66e104873a56730","name":"admin","image":{"@type":"ImageObject","inLanguage":"pt-BR","@id":"https:\/\/ivcembalagens.com.br\/blog\/#\/schema\/person\/image\/","url":"https:\/\/secure.gravatar.com\/avatar\/3813f53848958b8842eeafda91666185a90010f65ed554379b78794cde6f234a?s=96&d=mm&r=g","contentUrl":"https:\/\/secure.gravatar.com\/avatar\/3813f53848958b8842eeafda91666185a90010f65ed554379b78794cde6f234a?s=96&d=mm&r=g","caption":"admin"},"sameAs":["http:\/\/ivcembalagens.com.br\/blog"],"url":"https:\/\/ivcembalagens.com.br\/blog\/author\/admin\/"}]}},"_links":{"self":[{"href":"https:\/\/ivcembalagens.com.br\/blog\/wp-json\/wp\/v2\/posts\/215","targetHints":{"allow":["GET"]}}],"collection":[{"href":"https:\/\/ivcembalagens.com.br\/blog\/wp-json\/wp\/v2\/posts"}],"about":[{"href":"https:\/\/ivcembalagens.com.br\/blog\/wp-json\/wp\/v2\/types\/post"}],"author":[{"embeddable":true,"href":"https:\/\/ivcembalagens.com.br\/blog\/wp-json\/wp\/v2\/users\/1"}],"replies":[{"embeddable":true,"href":"https:\/\/ivcembalagens.com.br\/blog\/wp-json\/wp\/v2\/comments?post=215"}],"version-history":[{"count":2,"href":"https:\/\/ivcembalagens.com.br\/blog\/wp-json\/wp\/v2\/posts\/215\/revisions"}],"predecessor-version":[{"id":425,"href":"https:\/\/ivcembalagens.com.br\/blog\/wp-json\/wp\/v2\/posts\/215\/revisions\/425"}],"wp:featuredmedia":[{"embeddable":true,"href":"https:\/\/ivcembalagens.com.br\/blog\/wp-json\/wp\/v2\/media\/216"}],"wp:attachment":[{"href":"https:\/\/ivcembalagens.com.br\/blog\/wp-json\/wp\/v2\/media?parent=215"}],"wp:term":[{"taxonomy":"category","embeddable":true,"href":"https:\/\/ivcembalagens.com.br\/blog\/wp-json\/wp\/v2\/categories?post=215"},{"taxonomy":"post_tag","embeddable":true,"href":"https:\/\/ivcembalagens.com.br\/blog\/wp-json\/wp\/v2\/tags?post=215"}],"curies":[{"name":"wp","href":"https:\/\/api.w.org\/{rel}","templated":true}]}}