{"id":282,"date":"2026-01-15T13:14:57","date_gmt":"2026-01-15T13:14:57","guid":{"rendered":"https:\/\/ivcembalagens.com.br\/blog\/?p=282"},"modified":"2026-01-15T13:14:59","modified_gmt":"2026-01-15T13:14:59","slug":"embalagens-para-cosmeticos-biodegradaveis-solucao-sustentavel-para-o-futuro-da-beleza","status":"publish","type":"post","link":"https:\/\/ivcembalagens.com.br\/blog\/embalagens-biodegradaveis\/embalagens-para-cosmeticos-biodegradaveis-solucao-sustentavel-para-o-futuro-da-beleza\/","title":{"rendered":"Embalagens para cosm\u00e9ticos biodegrad\u00e1veis: Solu\u00e7\u00e3o sustent\u00e1vel para o futuro da beleza"},"content":{"rendered":"<span class=\"rt-reading-time\" style=\"display: block;\"><span class=\"rt-label rt-prefix\">Tempo de leitura:<\/span> <span class=\"rt-time\">7<\/span> <span class=\"rt-label rt-postfix\">minutos<\/span><\/span>\n<p><strong><em>Meta-descri\u00e7\u00e3o: Descubra como as embalagens biodegrad\u00e1veis para cosm\u00e9ticos oferecem sustentabilidade e eleg\u00e2ncia, ajudando a preservar o meio ambiente.<\/em><\/strong><\/p>\n\n\n\n<p>A ind\u00fastria de cosm\u00e9ticos est\u00e1 cada vez mais alinhada com a sustentabilidade. As <strong>embalagens biodegrad\u00e1veis para cosm\u00e9ticos<\/strong> s\u00e3o uma solu\u00e7\u00e3o eficaz para <strong>reduzir os impactos ambientais<\/strong>, refletindo o compromisso das marcas com a preserva\u00e7\u00e3o do planeta. Essa mudan\u00e7a n\u00e3o \u00e9 apenas necess\u00e1ria, mas tamb\u00e9m responde \u00e0s expectativas de consumidores conscientes.<\/p>\n\n\n\n<p>Hoje, vamos explorar o que s\u00e3o essas embalagens, os principais tipos dispon\u00edveis e como sua ado\u00e7\u00e3o est\u00e1 moldando o futuro do setor de cosm\u00e9ticos, al\u00e9m de apresentar onde comprar essas solu\u00e7\u00f5es sustent\u00e1veis.<\/p>\n\n\n\n<ul class=\"wp-block-list\">\n<li><a href=\"https:\/\/ivcembalagens.com.br\/blog\/embalagem-plastica-personalizada\/embalagem-para-gelo-personalizada-por-que-e-como-escolher\/\">Embalagem para gelo personalizada: Por que e como escolher?<\/a><\/li>\n<\/ul>\n\n\n\n<div id=\"ez-toc-container\" class=\"ez-toc-v2_0_62 counter-hierarchy ez-toc-counter ez-toc-white ez-toc-container-direction\">\n<div class=\"ez-toc-title-container\">\n<p class=\"ez-toc-title \" >LISTA DE T&Oacute;PICOS<\/p>\n<span class=\"ez-toc-title-toggle\"><a href=\"#\" class=\"ez-toc-pull-right ez-toc-btn ez-toc-btn-xs ez-toc-btn-default ez-toc-toggle\" aria-label=\"Toggle Table of Content\"><span class=\"ez-toc-js-icon-con\"><span class=\"\"><span class=\"eztoc-hide\" style=\"display:none;\">Toggle<\/span><span class=\"ez-toc-icon-toggle-span\"><svg style=\"fill: #999;color:#999\" xmlns=\"http:\/\/www.w3.org\/2000\/svg\" class=\"list-377408\" width=\"20px\" height=\"20px\" viewBox=\"0 0 24 24\" fill=\"none\"><path d=\"M6 6H4v2h2V6zm14 0H8v2h12V6zM4 11h2v2H4v-2zm16 0H8v2h12v-2zM4 16h2v2H4v-2zm16 0H8v2h12v-2z\" fill=\"currentColor\"><\/path><\/svg><svg style=\"fill: #999;color:#999\" class=\"arrow-unsorted-368013\" xmlns=\"http:\/\/www.w3.org\/2000\/svg\" width=\"10px\" height=\"10px\" viewBox=\"0 0 24 24\" version=\"1.2\" baseProfile=\"tiny\"><path d=\"M18.2 9.3l-6.2-6.3-6.2 6.3c-.2.2-.3.4-.3.7s.1.5.3.7c.2.2.4.3.7.3h11c.3 0 .5-.1.7-.3.2-.2.3-.5.3-.7s-.1-.5-.3-.7zM5.8 14.7l6.2 6.3 6.2-6.3c.2-.2.3-.5.3-.7s-.1-.5-.3-.7c-.2-.2-.4-.3-.7-.3h-11c-.3 0-.5.1-.7.3-.2.2-.3.5-.3.7s.1.5.3.7z\"\/><\/svg><\/span><\/span><\/span><\/a><\/span><\/div>\n<nav><ul class='ez-toc-list ez-toc-list-level-1 ' ><li class='ez-toc-page-1 ez-toc-heading-level-2'><a class=\"ez-toc-link ez-toc-heading-1\" href=\"https:\/\/ivcembalagens.com.br\/blog\/embalagens-biodegradaveis\/embalagens-para-cosmeticos-biodegradaveis-solucao-sustentavel-para-o-futuro-da-beleza\/#O_que_sao_embalagens_biodegradaveis\" title=\"O que s\u00e3o embalagens biodegrad\u00e1veis?\">O que s\u00e3o embalagens biodegrad\u00e1veis?<\/a><\/li><li class='ez-toc-page-1 ez-toc-heading-level-2'><a class=\"ez-toc-link ez-toc-heading-2\" href=\"https:\/\/ivcembalagens.com.br\/blog\/embalagens-biodegradaveis\/embalagens-para-cosmeticos-biodegradaveis-solucao-sustentavel-para-o-futuro-da-beleza\/#Quais_sao_os_tipos_de_embalagens_biodegradaveis\" title=\"Quais s\u00e3o os tipos de embalagens biodegrad\u00e1veis?\">Quais s\u00e3o os tipos de embalagens biodegrad\u00e1veis?<\/a><ul class='ez-toc-list-level-3' ><li class='ez-toc-heading-level-3'><a class=\"ez-toc-link ez-toc-heading-3\" href=\"https:\/\/ivcembalagens.com.br\/blog\/embalagens-biodegradaveis\/embalagens-para-cosmeticos-biodegradaveis-solucao-sustentavel-para-o-futuro-da-beleza\/#Bioplasticos\" title=\"Biopl\u00e1sticos\">Biopl\u00e1sticos<\/a><\/li><li class='ez-toc-page-1 ez-toc-heading-level-3'><a class=\"ez-toc-link ez-toc-heading-4\" href=\"https:\/\/ivcembalagens.com.br\/blog\/embalagens-biodegradaveis\/embalagens-para-cosmeticos-biodegradaveis-solucao-sustentavel-para-o-futuro-da-beleza\/#Celulose\" title=\"Celulose\">Celulose<\/a><\/li><li class='ez-toc-page-1 ez-toc-heading-level-3'><a class=\"ez-toc-link ez-toc-heading-5\" href=\"https:\/\/ivcembalagens.com.br\/blog\/embalagens-biodegradaveis\/embalagens-para-cosmeticos-biodegradaveis-solucao-sustentavel-para-o-futuro-da-beleza\/#Embalagens_de_papel_ou_papelao\" title=\"Embalagens de papel ou papel\u00e3o\">Embalagens de papel ou papel\u00e3o<\/a><\/li><li class='ez-toc-page-1 ez-toc-heading-level-3'><a class=\"ez-toc-link ez-toc-heading-6\" href=\"https:\/\/ivcembalagens.com.br\/blog\/embalagens-biodegradaveis\/embalagens-para-cosmeticos-biodegradaveis-solucao-sustentavel-para-o-futuro-da-beleza\/#Amido_de_milho\" title=\"Amido de milho\">Amido de milho<\/a><\/li><li class='ez-toc-page-1 ez-toc-heading-level-3'><a class=\"ez-toc-link ez-toc-heading-7\" href=\"https:\/\/ivcembalagens.com.br\/blog\/embalagens-biodegradaveis\/embalagens-para-cosmeticos-biodegradaveis-solucao-sustentavel-para-o-futuro-da-beleza\/#Fibras_naturais\" title=\"Fibras naturais\">Fibras naturais<\/a><\/li><\/ul><\/li><li class='ez-toc-page-1 ez-toc-heading-level-2'><a class=\"ez-toc-link ez-toc-heading-8\" href=\"https:\/\/ivcembalagens.com.br\/blog\/embalagens-biodegradaveis\/embalagens-para-cosmeticos-biodegradaveis-solucao-sustentavel-para-o-futuro-da-beleza\/#Tipos_de_Embalagens_para_Cosmeticos\" title=\"Tipos de Embalagens para Cosm\u00e9ticos\">Tipos de Embalagens para Cosm\u00e9ticos<\/a><ul class='ez-toc-list-level-3' ><li class='ez-toc-heading-level-3'><a class=\"ez-toc-link ez-toc-heading-9\" href=\"https:\/\/ivcembalagens.com.br\/blog\/embalagens-biodegradaveis\/embalagens-para-cosmeticos-biodegradaveis-solucao-sustentavel-para-o-futuro-da-beleza\/#Frascos_e_potes\" title=\"Frascos e potes\">Frascos e potes<\/a><\/li><li class='ez-toc-page-1 ez-toc-heading-level-3'><a class=\"ez-toc-link ez-toc-heading-10\" href=\"https:\/\/ivcembalagens.com.br\/blog\/embalagens-biodegradaveis\/embalagens-para-cosmeticos-biodegradaveis-solucao-sustentavel-para-o-futuro-da-beleza\/#Tubos\" title=\"Tubos\">Tubos<\/a><\/li><li class='ez-toc-page-1 ez-toc-heading-level-3'><a class=\"ez-toc-link ez-toc-heading-11\" href=\"https:\/\/ivcembalagens.com.br\/blog\/embalagens-biodegradaveis\/embalagens-para-cosmeticos-biodegradaveis-solucao-sustentavel-para-o-futuro-da-beleza\/#Sacos_e_sacolas\" title=\"Sacos e sacolas\">Sacos e sacolas<\/a><\/li><li class='ez-toc-page-1 ez-toc-heading-level-3'><a class=\"ez-toc-link ez-toc-heading-12\" href=\"https:\/\/ivcembalagens.com.br\/blog\/embalagens-biodegradaveis\/embalagens-para-cosmeticos-biodegradaveis-solucao-sustentavel-para-o-futuro-da-beleza\/#Embalagens_secundarias\" title=\"Embalagens secund\u00e1rias\">Embalagens secund\u00e1rias<\/a><\/li><\/ul><\/li><li class='ez-toc-page-1 ez-toc-heading-level-2'><a class=\"ez-toc-link ez-toc-heading-13\" href=\"https:\/\/ivcembalagens.com.br\/blog\/embalagens-biodegradaveis\/embalagens-para-cosmeticos-biodegradaveis-solucao-sustentavel-para-o-futuro-da-beleza\/#Impacto_dessas_embalagens_no_meio_ambiente\" title=\"Impacto dessas embalagens no meio ambiente\">Impacto dessas embalagens no meio ambiente<\/a><\/li><li class='ez-toc-page-1 ez-toc-heading-level-2'><a class=\"ez-toc-link ez-toc-heading-14\" href=\"https:\/\/ivcembalagens.com.br\/blog\/embalagens-biodegradaveis\/embalagens-para-cosmeticos-biodegradaveis-solucao-sustentavel-para-o-futuro-da-beleza\/#Onde_comprar_embalagens_para_cosmeticos_biodegradaveis\" title=\"Onde comprar embalagens para cosm\u00e9ticos biodegrad\u00e1veis?\">Onde comprar embalagens para cosm\u00e9ticos biodegrad\u00e1veis?<\/a><\/li><li class='ez-toc-page-1 ez-toc-heading-level-2'><a class=\"ez-toc-link ez-toc-heading-15\" href=\"https:\/\/ivcembalagens.com.br\/blog\/embalagens-biodegradaveis\/embalagens-para-cosmeticos-biodegradaveis-solucao-sustentavel-para-o-futuro-da-beleza\/#Sustentabilidade_como_diferencial_competitivo_no_setor_de_beleza\" title=\"Sustentabilidade como diferencial competitivo no setor de beleza\">Sustentabilidade como diferencial competitivo no setor de beleza<\/a><\/li><li class='ez-toc-page-1 ez-toc-heading-level-2'><a class=\"ez-toc-link ez-toc-heading-16\" href=\"https:\/\/ivcembalagens.com.br\/blog\/embalagens-biodegradaveis\/embalagens-para-cosmeticos-biodegradaveis-solucao-sustentavel-para-o-futuro-da-beleza\/#Embalagens_biodegradaveis_O_futuro_da_beleza\" title=\"Embalagens biodegrad\u00e1veis: O futuro da beleza\">Embalagens biodegrad\u00e1veis: O futuro da beleza<\/a><\/li><\/ul><\/nav><\/div>\n<h2 class=\"wp-block-heading\"><span class=\"ez-toc-section\" id=\"O_que_sao_embalagens_biodegradaveis\"><\/span>O que s\u00e3o embalagens biodegrad\u00e1veis?<span class=\"ez-toc-section-end\"><\/span><\/h2>\n\n\n\n<p>As <strong>embalagens biodegrad\u00e1veis<\/strong> s\u00e3o feitas de materiais<strong> que podem ser decompostos naturalmente por microrganismos<\/strong>, sem deixar res\u00edduos t\u00f3xicos no meio ambiente. Diferente das embalagens convencionais de pl\u00e1stico, que podem levar centenas de anos para se decompor, as biodegrad\u00e1veis <strong>completam esse processo em um tempo muito menor<\/strong>, variando de alguns meses a poucos anos, dependendo das condi\u00e7\u00f5es ambientais.<\/p>\n\n\n\n<p>Al\u00e9m disso, essas embalagens s\u00e3o compostas por materiais de fontes renov\u00e1veis, como amido de milho, cana-de-a\u00e7\u00facar e celulose, tornando-as uma <strong>alternativa sustent\u00e1vel para o mercado de cosm\u00e9ticos<\/strong>, que consome uma grande quantidade de embalagens pl\u00e1sticas.<\/p>\n\n\n\n<h2 class=\"wp-block-heading\"><span class=\"ez-toc-section\" id=\"Quais_sao_os_tipos_de_embalagens_biodegradaveis\"><\/span>Quais s\u00e3o os tipos de embalagens biodegrad\u00e1veis?<span class=\"ez-toc-section-end\"><\/span><\/h2>\n\n\n\n<p>As embalagens biodegrad\u00e1veis s\u00e3o classificadas de acordo com os materiais utilizados em sua fabrica\u00e7\u00e3o. Os principais tipos incluem:<\/p>\n\n\n\n<h3 class=\"wp-block-heading\"><span class=\"ez-toc-section\" id=\"Bioplasticos\"><\/span>Biopl\u00e1sticos<span class=\"ez-toc-section-end\"><\/span><\/h3>\n\n\n\n<p>S\u00e3o pol\u00edmeros produzidos a partir de fontes renov\u00e1veis, como amido de milho ou cana-de-a\u00e7\u00facar. Esses materiais possuem a mesma funcionalidade que o pl\u00e1stico tradicional, mas se decomp\u00f5em mais rapidamente quando descartados corretamente. Para cosm\u00e9ticos, podem ser utilizados em frascos de shampoos, condicionadores e lo\u00e7\u00f5es.<\/p>\n\n\n\n<h3 class=\"wp-block-heading\"><span class=\"ez-toc-section\" id=\"Celulose\"><\/span>Celulose<span class=\"ez-toc-section-end\"><\/span><\/h3>\n\n\n\n<p>A celulose \u00e9 obtida de fontes vegetais e pode ser transformada em filmes transparentes, ideais para o empacotamento de produtos de higiene e cosm\u00e9ticos. Esse material \u00e9 biodegrad\u00e1vel e compost\u00e1vel, o que o torna uma \u00f3tima op\u00e7\u00e3o para substituir pl\u00e1sticos em sach\u00eas e embalagens secund\u00e1rias.<\/p>\n\n\n\n<h3 class=\"wp-block-heading\"><span class=\"ez-toc-section\" id=\"Embalagens_de_papel_ou_papelao\"><\/span>Embalagens de papel ou papel\u00e3o<span class=\"ez-toc-section-end\"><\/span><\/h3>\n\n\n\n<p>Alternativas mais simples e amplamente utilizadas, como caixas de papel\u00e3o e inv\u00f3lucros de papel, podem ser aplicadas para cosm\u00e9ticos s\u00f3lidos, como sabonetes e maquiagens. O papel \u00e9 biodegrad\u00e1vel e pode ser facilmente reciclado.<\/p>\n\n\n\n<h3 class=\"wp-block-heading\"><span class=\"ez-toc-section\" id=\"Amido_de_milho\"><\/span>Amido de milho<span class=\"ez-toc-section-end\"><\/span><\/h3>\n\n\n\n<p>Um dos materiais mais inovadores e promissores, o amido de milho pode ser utilizado para criar embalagens leves e flex\u00edveis. Ele se decomp\u00f5e rapidamente quando exposto \u00e0 umidade, o que \u00e9 perfeito para produtos com uso r\u00e1pido ou de embalagem descart\u00e1vel.<\/p>\n\n\n\n<h3 class=\"wp-block-heading\"><span class=\"ez-toc-section\" id=\"Fibras_naturais\"><\/span>Fibras naturais<span class=\"ez-toc-section-end\"><\/span><\/h3>\n\n\n\n<p>Algumas embalagens utilizam fibras de algod\u00e3o, juta ou bambu, que s\u00e3o biodegrad\u00e1veis e renov\u00e1veis. Essas fibras s\u00e3o usadas principalmente em sacolas e bolsas para embalagens de cosm\u00e9ticos de luxo ou linhas ecol\u00f3gicas.<\/p>\n\n\n\n<h2 class=\"wp-block-heading\"><span class=\"ez-toc-section\" id=\"Tipos_de_Embalagens_para_Cosmeticos\"><\/span>Tipos de Embalagens para Cosm\u00e9ticos<span class=\"ez-toc-section-end\"><\/span><\/h2>\n\n\n\n<p>Dentro da ind\u00fastria cosm\u00e9tica, h\u00e1 uma variedade de produtos que exigem diferentes tipos de embalagens. Abaixo est\u00e3o os tipos mais comuns, que agora tamb\u00e9m est\u00e3o dispon\u00edveis em vers\u00f5es biodegrad\u00e1veis:<\/p>\n\n\n\n<h3 class=\"wp-block-heading\"><span class=\"ez-toc-section\" id=\"Frascos_e_potes\"><\/span>Frascos e potes<span class=\"ez-toc-section-end\"><\/span><\/h3>\n\n\n<div class=\"wp-block-image\">\n<figure class=\"alignright size-full is-resized\"><img loading=\"lazy\" decoding=\"async\" width=\"740\" height=\"592\" src=\"https:\/\/ivcembalagens.com.br\/blog\/wp-content\/uploads\/2024\/09\/liquid-soap-dispenser-pump-soap-cream-colored-backdrop_23-2147817990.jpg\" alt=\"\" class=\"wp-image-284\" style=\"width:344px;height:auto\" srcset=\"https:\/\/ivcembalagens.com.br\/blog\/wp-content\/uploads\/2024\/09\/liquid-soap-dispenser-pump-soap-cream-colored-backdrop_23-2147817990.jpg 740w, https:\/\/ivcembalagens.com.br\/blog\/wp-content\/uploads\/2024\/09\/liquid-soap-dispenser-pump-soap-cream-colored-backdrop_23-2147817990-300x240.jpg 300w\" sizes=\"auto, (max-width: 740px) 100vw, 740px\" \/><\/figure>\n<\/div>\n\n\n<p>Usados principalmente para cremes, lo\u00e7\u00f5es e \u00f3leos corporais, os frascos podem ser feitos de biopl\u00e1sticos ou at\u00e9 mesmo vidro reciclado com tampas biodegrad\u00e1veis.<\/p>\n\n\n\n<h3 class=\"wp-block-heading\"><span class=\"ez-toc-section\" id=\"Tubos\"><\/span>Tubos<span class=\"ez-toc-section-end\"><\/span><\/h3>\n\n\n\n<p>Essenciais para produtos como pastas de dente, protetores solares e cremes para as m\u00e3os, os tubos de biopl\u00e1stico ou papel laminado v\u00eam ganhando espa\u00e7o como alternativas sustent\u00e1veis.<\/p>\n\n\n\n<h3 class=\"wp-block-heading\"><span class=\"ez-toc-section\" id=\"Sacos_e_sacolas\"><\/span>Sacos e sacolas<span class=\"ez-toc-section-end\"><\/span><\/h3>\n\n\n\n<p>Essas embalagens s\u00e3o ideais para produtos em formato de refil ou para embalar kits promocionais. Sacolas feitas de papel ou amido de milho s\u00e3o comuns e amplamente utilizadas.<\/p>\n\n\n\n<h3 class=\"wp-block-heading\"><span class=\"ez-toc-section\" id=\"Embalagens_secundarias\"><\/span>Embalagens secund\u00e1rias<span class=\"ez-toc-section-end\"><\/span><\/h3>\n\n\n\n<p>Essas s\u00e3o embalagens externas, como caixas de papel\u00e3o, utilizadas para proteger o produto durante o transporte ou exposi\u00e7\u00e3o no ponto de venda. Caixas de papel reciclado ou com certifica\u00e7\u00e3o FSC (Forest Stewardship Council) s\u00e3o algumas das op\u00e7\u00f5es biodegrad\u00e1veis.<\/p>\n\n\n\n<h2 class=\"wp-block-heading\"><span class=\"ez-toc-section\" id=\"Impacto_dessas_embalagens_no_meio_ambiente\"><\/span>Impacto dessas embalagens no meio ambiente<span class=\"ez-toc-section-end\"><\/span><\/h2>\n\n\n\n<p>O impacto positivo das <strong>embalagens biodegrad\u00e1veis para cosm\u00e9ticos \u00e9 significativo,<\/strong> principalmente na redu\u00e7\u00e3o de res\u00edduos s\u00f3lidos. Ao adotar essas alternativas, a ind\u00fastria cosm\u00e9tica <strong>contribui diretamente para a redu\u00e7\u00e3o do volume de pl\u00e1stico nos oceanos e aterros sanit\u00e1rios.<\/strong><\/p>\n\n\n\n<p>Al\u00e9m disso, a produ\u00e7\u00e3o de embalagens biodegrad\u00e1veis <strong>gera menos emiss\u00f5es de gases de efeito estufa<\/strong>, pois muitas vezes utiliza processos de fabrica\u00e7\u00e3o menos intensivos em carbono. Outro ponto relevante \u00e9 que, ao se decompor naturalmente, esses materiais n\u00e3o liberam micropl\u00e1sticos, subst\u00e2ncias prejudiciais \u00e0 vida marinha e \u00e0 sa\u00fade humana.<\/p>\n\n\n\n<p>A substitui\u00e7\u00e3o de embalagens convencionais por biodegrad\u00e1veis tamb\u00e9m incentiva a economia circular, onde os res\u00edduos podem ser reaproveitados como mat\u00e9ria-prima para novos produtos, fechando o ciclo de produ\u00e7\u00e3o e consumo de maneira mais sustent\u00e1vel.<\/p>\n\n\n\n<h2 class=\"wp-block-heading\"><span class=\"ez-toc-section\" id=\"Onde_comprar_embalagens_para_cosmeticos_biodegradaveis\"><\/span>Onde comprar embalagens para cosm\u00e9ticos biodegrad\u00e1veis?<span class=\"ez-toc-section-end\"><\/span><\/h2>\n\n\n\n<p>Se voc\u00ea est\u00e1 buscando <strong>embalagens biodegrad\u00e1veis para cosm\u00e9ticos<\/strong>, algumas empresas no Brasil se destacam por sua oferta de produtos de alta qualidade. A <strong>IVC Embalagens<\/strong>, por exemplo, \u00e9 uma dessas empresas comprometidas com a sustentabilidade.<\/p>\n\n\n\n<p>Na <strong>IVC<\/strong>, voc\u00ea encontra uma variedade de op\u00e7\u00f5es biodegrad\u00e1veis que<strong> aliam eleg\u00e2ncia \u00e0 responsabilidade ambiental<\/strong>. Seus sacos, sacolas e filmes pl\u00e1sticos s\u00e3o projetados para proteger produtos cosm\u00e9ticos, garantindo n\u00e3o s\u00f3 a integridade do produto, mas tamb\u00e9m a preserva\u00e7\u00e3o do meio ambiente.<\/p>\n\n\n\n<p>Al\u00e9m disso, a <strong>IVC<\/strong> investe constantemente em inova\u00e7\u00e3o, utilizando materiais que minimizam o impacto ambiental. <strong>Escolher as embalagens da IVC \u00e9 uma maneira de contribuir para a sustentabilidade<\/strong>, sem abrir m\u00e3o da est\u00e9tica e da qualidade, essenciais na ind\u00fastria.<\/p>\n\n\n\n<h2 class=\"wp-block-heading\"><span class=\"ez-toc-section\" id=\"Sustentabilidade_como_diferencial_competitivo_no_setor_de_beleza\"><\/span>Sustentabilidade como diferencial competitivo no setor de beleza<span class=\"ez-toc-section-end\"><\/span><\/h2>\n\n\n\n<p>No setor de beleza, a sustentabilidade deixou de ser apenas uma pauta ambiental e passou a ocupar um papel estrat\u00e9gico na constru\u00e7\u00e3o das marcas.<\/p>\n\n\n\n<p>A ado\u00e7\u00e3o de embalagens biodegrad\u00e1veis funciona hoje como um <strong>diferencial competitivo<\/strong>, capaz de influenciar diretamente a decis\u00e3o de compra do consumidor e fortalecer o posicionamento da empresa no mercado.<\/p>\n\n\n\n<p>Marcas que investem em solu\u00e7\u00f5es eco-friendly tendem a gerar maior <strong>percep\u00e7\u00e3o de valor<\/strong>, al\u00e9m de criar conex\u00f5es mais fortes com um p\u00fablico cada vez mais atento \u00e0 origem dos produtos e ao impacto ambiental das embalagens.<\/p>\n\n\n\n<p>Esse movimento \u00e9 especialmente relevante em segmentos como skincare, maquiagem e cuidados pessoais, onde a experi\u00eancia e os valores da marca pesam tanto quanto o desempenho do produto.<\/p>\n\n\n\n<p>Ao incorporar embalagens biodegrad\u00e1veis, as empresas n\u00e3o apenas reduzem seu impacto ambiental, mas tamb\u00e9m demonstram compromisso com pr\u00e1ticas respons\u00e1veis, inova\u00e7\u00e3o e transpar\u00eancia \u2014 atributos que contribuem para <strong>diferencia\u00e7\u00e3o em mercados competitivos e para a constru\u00e7\u00e3o de uma reputa\u00e7\u00e3o s\u00f3lida no longo prazo<\/strong>.<\/p>\n\n\n\n<ul class=\"wp-block-list\">\n<li><a href=\"https:\/\/ivcembalagens.com.br\/blog\/plastico-bolha\/como-encontrar-um-fornecedor-de-plastico-bola-perto-de-mim\/\">Como encontrar um fornecedor de pl\u00e1stico bolha perto de mim?<\/a><\/li>\n<\/ul>\n\n\n\n<h2 class=\"wp-block-heading\"><span class=\"ez-toc-section\" id=\"Embalagens_biodegradaveis_O_futuro_da_beleza\"><\/span>Embalagens biodegrad\u00e1veis: O futuro da beleza<span class=\"ez-toc-section-end\"><\/span><\/h2>\n\n\n\n<p>A ado\u00e7\u00e3o de <strong>embalagens biodegrad\u00e1veis para cosm\u00e9ticos<\/strong> <strong>\u00e9 mais do que uma tend\u00eancia: \u00e9 uma necessidade<\/strong>. Com o crescimento da consci\u00eancia ambiental, os consumidores est\u00e3o cada vez mais exigentes quanto ao impacto dos produtos que consomem.&nbsp;<\/p>\n\n\n\n<p>Marcas que optam por essas solu\u00e7\u00f5es n\u00e3o apenas contribuem para um planeta mais sustent\u00e1vel, mas tamb\u00e9m <strong>conquistam a confian\u00e7a e a prefer\u00eancia de clientes conscientes.<\/strong><\/p>\n\n\n\n<p>Ao escolher embalagens biodegrad\u00e1veis, <strong>as empresas demonstram um compromisso genu\u00edno com o meio ambiente,<\/strong> ao mesmo tempo em que mant\u00eam a qualidade e a est\u00e9tica de seus produtos. O futuro da beleza est\u00e1 diretamente ligado a essas escolhas.<\/p>\n\n\n\n<p>Se voc\u00ea \u00e9 parte da ind\u00fastria cosm\u00e9tica e quer fazer parte dessa transforma\u00e7\u00e3o sustent\u00e1vel, explore agora as solu\u00e7\u00f5es da <strong><a href=\"https:\/\/ivcembalagens.com.br\/\">IVC Embalagens<\/a><\/strong>. Escolha embalagens que cuidam da sua beleza e do planeta. <a href=\"https:\/\/api.whatsapp.com\/send?phone=5511989317910\"><strong>Entre em contato<\/strong><\/a> e conhe\u00e7a as melhores op\u00e7\u00f5es biodegrad\u00e1veis para seus produtos!<\/p>\n","protected":false},"excerpt":{"rendered":"<p><span class=\"rt-reading-time\" style=\"display: block;\"><span class=\"rt-label rt-prefix\">Tempo de leitura:<\/span> <span class=\"rt-time\">7<\/span> <span class=\"rt-label rt-postfix\">minutos<\/span><\/span> Meta-descri\u00e7\u00e3o: Descubra como as embalagens biodegrad\u00e1veis para cosm\u00e9ticos oferecem sustentabilidade e eleg\u00e2ncia, ajudando a preservar o meio ambiente. A ind\u00fastria de cosm\u00e9ticos est\u00e1 cada vez mais alinhada com a sustentabilidade. As embalagens biodegrad\u00e1veis para cosm\u00e9ticos s\u00e3o uma solu\u00e7\u00e3o eficaz para&#8230;<\/p>\n","protected":false},"author":1,"featured_media":283,"comment_status":"open","ping_status":"open","sticky":false,"template":"","format":"standard","meta":{"footnotes":""},"categories":[1267],"tags":[6059,6173,7520,7538,7531,7542,6160,6174,6167,6197,6156,6194,6172,6177,6176,6058,6162,6192,6158,6188,6163,6159,6195,6196,6198,6166,6164,7537,7541,7529,7532,6895,7521,6189,6168,7539,6157,6169,7518,7519,7527,6420,7534,6178,6182,6165,7525,6193,6171,6185,6183,6187,354,6191,6181,7526,6170,6412,7524,7523,7530,6180,6186,7536,7528,7535,7533,6161,6184,6190,7517,6175,7540,6179,7522],"class_list":["post-282","post","type-post","status-publish","format-standard","has-post-thumbnail","hentry","category-embalagens-biodegradaveis","tag-alternativas-ao-plastico-convencional","tag-bioplastico-para-cosmeticos","tag-bioplasticos-para-cosmeticos","tag-como-a-sustentabilidade-influencia-o-consumidor","tag-como-descartar-embalagens-biodegradaveis-corretamente","tag-como-escolher-embalagens-sustentaveis-para-cosmeticos","tag-cosmeticos-sustentaveis","tag-embalagem-biodegradavel","tag-embalagem-biodegradavel-para-cosmeticos","tag-embalagem-biodegradavel-para-creme","tag-embalagem-eco-friendly","tag-embalagem-ecologica","tag-embalagem-reciclavel-para-cosmeticos","tag-embalagem-sustentavel-para-cosmeticos","tag-embalagem-verde-para-cosmeticos","tag-embalagens-biodegradaveis","tag-embalagens-biodegradaveis-de-bioplastico","tag-embalagens-biodegradaveis-de-papel-para-cosmeticos","tag-embalagens-biodegradaveis-para-a-industria-de-cosmeticos","tag-embalagens-biodegradaveis-para-cosmeticos","tag-embalagens-biodegradaveis-para-cosmeticos-naturais","tag-embalagens-biodegradaveis-para-maquiagem","tag-embalagens-biodegradaveis-para-produtos-de-beleza","tag-embalagens-biodegradaveis-para-protetor-solar","tag-embalagens-biodegradaveis-para-shampoos-e-condicionadores","tag-embalagens-biodegradaveis-para-skincare","tag-embalagens-biodegradaveis-personalizadas","tag-embalagens-biodegradaveis-protegem-o-produto","tag-embalagens-biodegradaveis-sao-obrigatorias","tag-embalagens-biodegradaveis-sao-realmente-sustentaveis","tag-embalagens-biodegradaveis-substituem-o-plastico-comum","tag-embalagens-compostaveis","tag-embalagens-eco-friendly","tag-embalagens-ecologicas-para-cosmeticos","tag-embalagens-ecologicas-para-cosmeticos-veganos","tag-embalagens-ecologicas-valem-a-pena","tag-embalagens-para-cosmeticos-biodegradaveis","tag-embalagens-para-cosmeticos-eco-friendly","tag-embalagens-para-maquiagem-sustentavel","tag-embalagens-para-skincare-sustentavel","tag-embalagens-responsaveis","tag-embalagens-sustentaveis","tag-embalagens-sustentaveis-encarecem-o-produto","tag-embalagens-sustentaveis-para-cosmeticos","tag-embalagens-sustentaveis-para-cosmeticos-organicos","tag-embalagens-sustentaveis-para-marcas-de-cosmeticos","tag-esg-no-setor-cosmetico","tag-filmes-biodegradaveis-para-cosmeticos","tag-fornecedor-de-embalagens-biodegradaveis-no-brasil","tag-fornecedor-de-embalagens-biodegradaveis-personalizadas","tag-fornecedor-de-embalagens-ecologicas","tag-fornecedor-de-embalagens-para-cosmeticos-biodegradaveis","tag-fornecedor-de-embalagens-sustentaveis","tag-fornecedor-de-embalagens-verdes-para-cosmeticos","tag-fornecedor-de-sacolas-biodegradaveis-para-cosmeticos","tag-futuro-das-embalagens-cosmeticas","tag-impacto-ambiental-cosmeticos","tag-impacto-ambiental-das-embalagens","tag-industria-da-beleza-sustentavel","tag-inovacao-em-embalagens-cosmeticas","tag-o-que-sao-embalagens-biodegradaveis-para-cosmeticos","tag-onde-comprar-embalagem-biodegradavel","tag-onde-comprar-embalagens-biodegradaveis","tag-por-que-marcas-de-beleza-investem-em-sustentabilidade","tag-quais-as-vantagens-das-embalagens-biodegradaveis","tag-quais-cosmeticos-usam-embalagens-biodegradaveis","tag-qual-a-diferenca-entre-biodegradavel-e-compostavel","tag-sacolas-biodegradaveis-para-cosmeticos","tag-sacolas-ecologicas-para-cosmeticos","tag-solucoes-sustentaveis-para-embalagens-de-cosmeticos","tag-sustentabilidade-na-industria-cosmetica","tag-sustentabilidade-no-setor-cosmetico","tag-tendencias-de-embalagens-no-setor-de-beleza","tag-tendencias-de-embalagens-sustentaveis","tag-tendencias-em-embalagens-sustentaveis"],"yoast_head":"<!-- This site is optimized with the Yoast SEO plugin v20.6 - https:\/\/yoast.com\/wordpress\/plugins\/seo\/ -->\n<title>Embalagens para cosm\u00e9ticos biodegrad\u00e1veis: Solu\u00e7\u00e3o sustent\u00e1vel para o futuro da beleza - IVC Embalagens<\/title>\n<meta name=\"description\" content=\"Descubra como as embalagens biodegrad\u00e1veis para cosm\u00e9ticos oferecem sustentabilidade e eleg\u00e2ncia, ajudando a preservar o meio ambiente.\" \/>\n<meta name=\"robots\" content=\"index, follow, max-snippet:-1, max-image-preview:large, max-video-preview:-1\" \/>\n<link rel=\"canonical\" href=\"https:\/\/ivcembalagens.com.br\/blog\/embalagens-biodegradaveis\/embalagens-para-cosmeticos-biodegradaveis-solucao-sustentavel-para-o-futuro-da-beleza\/\" \/>\n<meta property=\"og:locale\" content=\"pt_BR\" \/>\n<meta property=\"og:type\" content=\"article\" \/>\n<meta property=\"og:title\" content=\"Embalagens para cosm\u00e9ticos biodegrad\u00e1veis: Solu\u00e7\u00e3o sustent\u00e1vel para o futuro da beleza - IVC Embalagens\" \/>\n<meta property=\"og:description\" content=\"Descubra como as embalagens biodegrad\u00e1veis para cosm\u00e9ticos oferecem sustentabilidade e eleg\u00e2ncia, ajudando a preservar o meio ambiente.\" \/>\n<meta property=\"og:url\" content=\"https:\/\/ivcembalagens.com.br\/blog\/embalagens-biodegradaveis\/embalagens-para-cosmeticos-biodegradaveis-solucao-sustentavel-para-o-futuro-da-beleza\/\" \/>\n<meta property=\"og:site_name\" content=\"IVC Embalagens\" \/>\n<meta property=\"article:published_time\" content=\"2026-01-15T13:14:57+00:00\" \/>\n<meta property=\"article:modified_time\" content=\"2026-01-15T13:14:59+00:00\" \/>\n<meta property=\"og:image\" content=\"https:\/\/ivcembalagens.com.br\/blog\/wp-content\/uploads\/2024\/09\/spa-cosmetics-products-colored-background_23-2147817995.jpg\" \/>\n\t<meta property=\"og:image:width\" content=\"689\" \/>\n\t<meta property=\"og:image:height\" content=\"460\" \/>\n\t<meta property=\"og:image:type\" content=\"image\/jpeg\" \/>\n<meta name=\"author\" content=\"admin\" \/>\n<meta name=\"twitter:card\" content=\"summary_large_image\" \/>\n<meta name=\"twitter:label1\" content=\"Escrito por\" \/>\n\t<meta name=\"twitter:data1\" content=\"admin\" \/>\n\t<meta name=\"twitter:label2\" content=\"Est. tempo de leitura\" \/>\n\t<meta name=\"twitter:data2\" content=\"7 minutos\" \/>\n<script type=\"application\/ld+json\" class=\"yoast-schema-graph\">{\"@context\":\"https:\/\/schema.org\",\"@graph\":[{\"@type\":\"Article\",\"@id\":\"https:\/\/ivcembalagens.com.br\/blog\/embalagens-biodegradaveis\/embalagens-para-cosmeticos-biodegradaveis-solucao-sustentavel-para-o-futuro-da-beleza\/#article\",\"isPartOf\":{\"@id\":\"https:\/\/ivcembalagens.com.br\/blog\/embalagens-biodegradaveis\/embalagens-para-cosmeticos-biodegradaveis-solucao-sustentavel-para-o-futuro-da-beleza\/\"},\"author\":{\"name\":\"admin\",\"@id\":\"https:\/\/ivcembalagens.com.br\/blog\/#\/schema\/person\/4533234d89e35d56f66e104873a56730\"},\"headline\":\"Embalagens para cosm\u00e9ticos biodegrad\u00e1veis: Solu\u00e7\u00e3o sustent\u00e1vel para o futuro da beleza\",\"datePublished\":\"2026-01-15T13:14:57+00:00\",\"dateModified\":\"2026-01-15T13:14:59+00:00\",\"mainEntityOfPage\":{\"@id\":\"https:\/\/ivcembalagens.com.br\/blog\/embalagens-biodegradaveis\/embalagens-para-cosmeticos-biodegradaveis-solucao-sustentavel-para-o-futuro-da-beleza\/\"},\"wordCount\":1361,\"commentCount\":0,\"publisher\":{\"@id\":\"https:\/\/ivcembalagens.com.br\/blog\/#organization\"},\"keywords\":[\"Alternativas ao pl\u00e1stico convencional\",\"Biopl\u00e1stico para cosm\u00e9ticos\",\"biopl\u00e1sticos para cosm\u00e9ticos\",\"como a sustentabilidade influencia o consumidor\",\"como descartar embalagens biodegrad\u00e1veis corretamente\",\"como escolher embalagens sustent\u00e1veis para cosm\u00e9ticos\",\"Cosm\u00e9ticos sustent\u00e1veis\",\"Embalagem biodegrad\u00e1vel\",\"Embalagem biodegrad\u00e1vel para cosm\u00e9ticos\",\"embalagem biodegrad\u00e1vel para creme\",\"Embalagem eco-friendly\",\"Embalagem ecol\u00f3gica\",\"Embalagem recicl\u00e1vel para cosm\u00e9ticos\",\"Embalagem sustent\u00e1vel para cosm\u00e9ticos\",\"Embalagem verde para cosm\u00e9ticos\",\"Embalagens biodegrad\u00e1veis\",\"embalagens biodegrad\u00e1veis de biopl\u00e1stico\",\"embalagens biodegrad\u00e1veis de papel para cosm\u00e9ticos\",\"embalagens biodegrad\u00e1veis para a ind\u00fastria de cosm\u00e9ticos\",\"embalagens biodegrad\u00e1veis para cosm\u00e9ticos\",\"embalagens biodegrad\u00e1veis para cosm\u00e9ticos naturais\",\"embalagens biodegrad\u00e1veis para maquiagem\",\"embalagens biodegrad\u00e1veis para produtos de beleza\",\"embalagens biodegrad\u00e1veis para protetor solar\",\"embalagens biodegrad\u00e1veis para shampoos e condicionadores\",\"embalagens biodegrad\u00e1veis para skincare\",\"embalagens biodegrad\u00e1veis personalizadas\",\"embalagens biodegrad\u00e1veis protegem o produto\",\"embalagens biodegrad\u00e1veis s\u00e3o obrigat\u00f3rias\",\"embalagens biodegrad\u00e1veis s\u00e3o realmente sustent\u00e1veis\",\"embalagens biodegrad\u00e1veis substituem o pl\u00e1stico comum\",\"embalagens compost\u00e1veis\",\"embalagens eco-friendly\",\"embalagens ecol\u00f3gicas para cosm\u00e9ticos\",\"embalagens ecol\u00f3gicas para cosm\u00e9ticos veganos\",\"embalagens ecol\u00f3gicas valem a pena\",\"Embalagens para cosm\u00e9ticos biodegrad\u00e1veis\",\"embalagens para cosm\u00e9ticos eco-friendly\",\"embalagens para maquiagem sustent\u00e1vel\",\"embalagens para skincare sustent\u00e1vel\",\"embalagens respons\u00e1veis\",\"embalagens sustent\u00e1veis\",\"embalagens sustent\u00e1veis encarecem o produto\",\"embalagens sustent\u00e1veis para cosm\u00e9ticos\",\"embalagens sustent\u00e1veis para cosm\u00e9ticos org\u00e2nicos\",\"embalagens sustent\u00e1veis para marcas de cosm\u00e9ticos\",\"ESG no setor cosm\u00e9tico\",\"filmes biodegrad\u00e1veis para cosm\u00e9ticos\",\"fornecedor de embalagens biodegrad\u00e1veis no Brasil\",\"fornecedor de embalagens biodegrad\u00e1veis personalizadas\",\"fornecedor de embalagens ecol\u00f3gicas\",\"fornecedor de embalagens para cosm\u00e9ticos biodegrad\u00e1veis\",\"fornecedor de Embalagens sustent\u00e1veis\",\"fornecedor de embalagens verdes para cosm\u00e9ticos\",\"fornecedor de sacolas biodegrad\u00e1veis para cosm\u00e9ticos\",\"futuro das embalagens cosm\u00e9ticas\",\"Impacto ambiental cosm\u00e9ticos\",\"impacto ambiental das embalagens\",\"ind\u00fastria da beleza sustent\u00e1vel\",\"inova\u00e7\u00e3o em embalagens cosm\u00e9ticas\",\"o que s\u00e3o embalagens biodegrad\u00e1veis para cosm\u00e9ticos\",\"Onde comprar embalagem biodegrad\u00e1vel\",\"onde comprar embalagens biodegrad\u00e1veis\",\"por que marcas de beleza investem em sustentabilidade\",\"quais as vantagens das embalagens biodegrad\u00e1veis\",\"quais cosm\u00e9ticos usam embalagens biodegrad\u00e1veis\",\"qual a diferen\u00e7a entre biodegrad\u00e1vel e compost\u00e1vel\",\"sacolas biodegrad\u00e1veis para cosm\u00e9ticos\",\"sacolas ecol\u00f3gicas para cosm\u00e9ticos\",\"solu\u00e7\u00f5es sustent\u00e1veis para embalagens de cosm\u00e9ticos\",\"sustentabilidade na ind\u00fastria cosm\u00e9tica\",\"Sustentabilidade no setor cosm\u00e9tico\",\"tend\u00eancias de embalagens no setor de beleza\",\"Tend\u00eancias de embalagens sustent\u00e1veis\",\"tend\u00eancias em embalagens sustent\u00e1veis\"],\"articleSection\":[\"embalagens biodegrad\u00e1veis\"],\"inLanguage\":\"pt-BR\",\"potentialAction\":[{\"@type\":\"CommentAction\",\"name\":\"Comment\",\"target\":[\"https:\/\/ivcembalagens.com.br\/blog\/embalagens-biodegradaveis\/embalagens-para-cosmeticos-biodegradaveis-solucao-sustentavel-para-o-futuro-da-beleza\/#respond\"]}]},{\"@type\":\"WebPage\",\"@id\":\"https:\/\/ivcembalagens.com.br\/blog\/embalagens-biodegradaveis\/embalagens-para-cosmeticos-biodegradaveis-solucao-sustentavel-para-o-futuro-da-beleza\/\",\"url\":\"https:\/\/ivcembalagens.com.br\/blog\/embalagens-biodegradaveis\/embalagens-para-cosmeticos-biodegradaveis-solucao-sustentavel-para-o-futuro-da-beleza\/\",\"name\":\"Embalagens para cosm\u00e9ticos biodegrad\u00e1veis: Solu\u00e7\u00e3o sustent\u00e1vel para o futuro da beleza - IVC Embalagens\",\"isPartOf\":{\"@id\":\"https:\/\/ivcembalagens.com.br\/blog\/#website\"},\"datePublished\":\"2026-01-15T13:14:57+00:00\",\"dateModified\":\"2026-01-15T13:14:59+00:00\",\"description\":\"Descubra como as embalagens biodegrad\u00e1veis para cosm\u00e9ticos oferecem sustentabilidade e eleg\u00e2ncia, ajudando a preservar o meio ambiente.\",\"breadcrumb\":{\"@id\":\"https:\/\/ivcembalagens.com.br\/blog\/embalagens-biodegradaveis\/embalagens-para-cosmeticos-biodegradaveis-solucao-sustentavel-para-o-futuro-da-beleza\/#breadcrumb\"},\"inLanguage\":\"pt-BR\",\"potentialAction\":[{\"@type\":\"ReadAction\",\"target\":[\"https:\/\/ivcembalagens.com.br\/blog\/embalagens-biodegradaveis\/embalagens-para-cosmeticos-biodegradaveis-solucao-sustentavel-para-o-futuro-da-beleza\/\"]}]},{\"@type\":\"BreadcrumbList\",\"@id\":\"https:\/\/ivcembalagens.com.br\/blog\/embalagens-biodegradaveis\/embalagens-para-cosmeticos-biodegradaveis-solucao-sustentavel-para-o-futuro-da-beleza\/#breadcrumb\",\"itemListElement\":[{\"@type\":\"ListItem\",\"position\":1,\"name\":\"In\u00edcio\",\"item\":\"https:\/\/ivcembalagens.com.br\/blog\/\"},{\"@type\":\"ListItem\",\"position\":2,\"name\":\"Embalagens para cosm\u00e9ticos biodegrad\u00e1veis: Solu\u00e7\u00e3o sustent\u00e1vel para o futuro da beleza\"}]},{\"@type\":\"WebSite\",\"@id\":\"https:\/\/ivcembalagens.com.br\/blog\/#website\",\"url\":\"https:\/\/ivcembalagens.com.br\/blog\/\",\"name\":\"IVC Embalagens\",\"description\":\"Blog IVC\",\"publisher\":{\"@id\":\"https:\/\/ivcembalagens.com.br\/blog\/#organization\"},\"potentialAction\":[{\"@type\":\"SearchAction\",\"target\":{\"@type\":\"EntryPoint\",\"urlTemplate\":\"https:\/\/ivcembalagens.com.br\/blog\/?s={search_term_string}\"},\"query-input\":\"required name=search_term_string\"}],\"inLanguage\":\"pt-BR\"},{\"@type\":\"Organization\",\"@id\":\"https:\/\/ivcembalagens.com.br\/blog\/#organization\",\"name\":\"IVC Embalagens\",\"url\":\"https:\/\/ivcembalagens.com.br\/blog\/\",\"logo\":{\"@type\":\"ImageObject\",\"inLanguage\":\"pt-BR\",\"@id\":\"https:\/\/ivcembalagens.com.br\/blog\/#\/schema\/logo\/image\/\",\"url\":\"https:\/\/ivcembalagens.com.br\/blog\/wp-content\/uploads\/2023\/10\/ivc-logo-removebg-preview-1.png\",\"contentUrl\":\"https:\/\/ivcembalagens.com.br\/blog\/wp-content\/uploads\/2023\/10\/ivc-logo-removebg-preview-1.png\",\"width\":108,\"height\":145,\"caption\":\"IVC Embalagens \"},\"image\":{\"@id\":\"https:\/\/ivcembalagens.com.br\/blog\/#\/schema\/logo\/image\/\"}},{\"@type\":\"Person\",\"@id\":\"https:\/\/ivcembalagens.com.br\/blog\/#\/schema\/person\/4533234d89e35d56f66e104873a56730\",\"name\":\"admin\",\"image\":{\"@type\":\"ImageObject\",\"inLanguage\":\"pt-BR\",\"@id\":\"https:\/\/ivcembalagens.com.br\/blog\/#\/schema\/person\/image\/\",\"url\":\"https:\/\/secure.gravatar.com\/avatar\/3813f53848958b8842eeafda91666185a90010f65ed554379b78794cde6f234a?s=96&d=mm&r=g\",\"contentUrl\":\"https:\/\/secure.gravatar.com\/avatar\/3813f53848958b8842eeafda91666185a90010f65ed554379b78794cde6f234a?s=96&d=mm&r=g\",\"caption\":\"admin\"},\"sameAs\":[\"http:\/\/ivcembalagens.com.br\/blog\"],\"url\":\"https:\/\/ivcembalagens.com.br\/blog\/author\/admin\/\"}]}<\/script>\n<!-- \/ Yoast SEO plugin. -->","yoast_head_json":{"title":"Embalagens para cosm\u00e9ticos biodegrad\u00e1veis: Solu\u00e7\u00e3o sustent\u00e1vel para o futuro da beleza - IVC Embalagens","description":"Descubra como as embalagens biodegrad\u00e1veis para cosm\u00e9ticos oferecem sustentabilidade e eleg\u00e2ncia, ajudando a preservar o meio ambiente.","robots":{"index":"index","follow":"follow","max-snippet":"max-snippet:-1","max-image-preview":"max-image-preview:large","max-video-preview":"max-video-preview:-1"},"canonical":"https:\/\/ivcembalagens.com.br\/blog\/embalagens-biodegradaveis\/embalagens-para-cosmeticos-biodegradaveis-solucao-sustentavel-para-o-futuro-da-beleza\/","og_locale":"pt_BR","og_type":"article","og_title":"Embalagens para cosm\u00e9ticos biodegrad\u00e1veis: Solu\u00e7\u00e3o sustent\u00e1vel para o futuro da beleza - IVC Embalagens","og_description":"Descubra como as embalagens biodegrad\u00e1veis para cosm\u00e9ticos oferecem sustentabilidade e eleg\u00e2ncia, ajudando a preservar o meio ambiente.","og_url":"https:\/\/ivcembalagens.com.br\/blog\/embalagens-biodegradaveis\/embalagens-para-cosmeticos-biodegradaveis-solucao-sustentavel-para-o-futuro-da-beleza\/","og_site_name":"IVC Embalagens","article_published_time":"2026-01-15T13:14:57+00:00","article_modified_time":"2026-01-15T13:14:59+00:00","og_image":[{"width":689,"height":460,"url":"https:\/\/ivcembalagens.com.br\/blog\/wp-content\/uploads\/2024\/09\/spa-cosmetics-products-colored-background_23-2147817995.jpg","type":"image\/jpeg"}],"author":"admin","twitter_card":"summary_large_image","twitter_misc":{"Escrito por":"admin","Est. tempo de leitura":"7 minutos"},"schema":{"@context":"https:\/\/schema.org","@graph":[{"@type":"Article","@id":"https:\/\/ivcembalagens.com.br\/blog\/embalagens-biodegradaveis\/embalagens-para-cosmeticos-biodegradaveis-solucao-sustentavel-para-o-futuro-da-beleza\/#article","isPartOf":{"@id":"https:\/\/ivcembalagens.com.br\/blog\/embalagens-biodegradaveis\/embalagens-para-cosmeticos-biodegradaveis-solucao-sustentavel-para-o-futuro-da-beleza\/"},"author":{"name":"admin","@id":"https:\/\/ivcembalagens.com.br\/blog\/#\/schema\/person\/4533234d89e35d56f66e104873a56730"},"headline":"Embalagens para cosm\u00e9ticos biodegrad\u00e1veis: Solu\u00e7\u00e3o sustent\u00e1vel para o futuro da beleza","datePublished":"2026-01-15T13:14:57+00:00","dateModified":"2026-01-15T13:14:59+00:00","mainEntityOfPage":{"@id":"https:\/\/ivcembalagens.com.br\/blog\/embalagens-biodegradaveis\/embalagens-para-cosmeticos-biodegradaveis-solucao-sustentavel-para-o-futuro-da-beleza\/"},"wordCount":1361,"commentCount":0,"publisher":{"@id":"https:\/\/ivcembalagens.com.br\/blog\/#organization"},"keywords":["Alternativas ao pl\u00e1stico convencional","Biopl\u00e1stico para cosm\u00e9ticos","biopl\u00e1sticos para cosm\u00e9ticos","como a sustentabilidade influencia o consumidor","como descartar embalagens biodegrad\u00e1veis corretamente","como escolher embalagens sustent\u00e1veis para cosm\u00e9ticos","Cosm\u00e9ticos sustent\u00e1veis","Embalagem biodegrad\u00e1vel","Embalagem biodegrad\u00e1vel para cosm\u00e9ticos","embalagem biodegrad\u00e1vel para creme","Embalagem eco-friendly","Embalagem ecol\u00f3gica","Embalagem recicl\u00e1vel para cosm\u00e9ticos","Embalagem sustent\u00e1vel para cosm\u00e9ticos","Embalagem verde para cosm\u00e9ticos","Embalagens biodegrad\u00e1veis","embalagens biodegrad\u00e1veis de biopl\u00e1stico","embalagens biodegrad\u00e1veis de papel para cosm\u00e9ticos","embalagens biodegrad\u00e1veis para a ind\u00fastria de cosm\u00e9ticos","embalagens biodegrad\u00e1veis para cosm\u00e9ticos","embalagens biodegrad\u00e1veis para cosm\u00e9ticos naturais","embalagens biodegrad\u00e1veis para maquiagem","embalagens biodegrad\u00e1veis para produtos de beleza","embalagens biodegrad\u00e1veis para protetor solar","embalagens biodegrad\u00e1veis para shampoos e condicionadores","embalagens biodegrad\u00e1veis para skincare","embalagens biodegrad\u00e1veis personalizadas","embalagens biodegrad\u00e1veis protegem o produto","embalagens biodegrad\u00e1veis s\u00e3o obrigat\u00f3rias","embalagens biodegrad\u00e1veis s\u00e3o realmente sustent\u00e1veis","embalagens biodegrad\u00e1veis substituem o pl\u00e1stico comum","embalagens compost\u00e1veis","embalagens eco-friendly","embalagens ecol\u00f3gicas para cosm\u00e9ticos","embalagens ecol\u00f3gicas para cosm\u00e9ticos veganos","embalagens ecol\u00f3gicas valem a pena","Embalagens para cosm\u00e9ticos biodegrad\u00e1veis","embalagens para cosm\u00e9ticos eco-friendly","embalagens para maquiagem sustent\u00e1vel","embalagens para skincare sustent\u00e1vel","embalagens respons\u00e1veis","embalagens sustent\u00e1veis","embalagens sustent\u00e1veis encarecem o produto","embalagens sustent\u00e1veis para cosm\u00e9ticos","embalagens sustent\u00e1veis para cosm\u00e9ticos org\u00e2nicos","embalagens sustent\u00e1veis para marcas de cosm\u00e9ticos","ESG no setor cosm\u00e9tico","filmes biodegrad\u00e1veis para cosm\u00e9ticos","fornecedor de embalagens biodegrad\u00e1veis no Brasil","fornecedor de embalagens biodegrad\u00e1veis personalizadas","fornecedor de embalagens ecol\u00f3gicas","fornecedor de embalagens para cosm\u00e9ticos biodegrad\u00e1veis","fornecedor de Embalagens sustent\u00e1veis","fornecedor de embalagens verdes para cosm\u00e9ticos","fornecedor de sacolas biodegrad\u00e1veis para cosm\u00e9ticos","futuro das embalagens cosm\u00e9ticas","Impacto ambiental cosm\u00e9ticos","impacto ambiental das embalagens","ind\u00fastria da beleza sustent\u00e1vel","inova\u00e7\u00e3o em embalagens cosm\u00e9ticas","o que s\u00e3o embalagens biodegrad\u00e1veis para cosm\u00e9ticos","Onde comprar embalagem biodegrad\u00e1vel","onde comprar embalagens biodegrad\u00e1veis","por que marcas de beleza investem em sustentabilidade","quais as vantagens das embalagens biodegrad\u00e1veis","quais cosm\u00e9ticos usam embalagens biodegrad\u00e1veis","qual a diferen\u00e7a entre biodegrad\u00e1vel e compost\u00e1vel","sacolas biodegrad\u00e1veis para cosm\u00e9ticos","sacolas ecol\u00f3gicas para cosm\u00e9ticos","solu\u00e7\u00f5es sustent\u00e1veis para embalagens de cosm\u00e9ticos","sustentabilidade na ind\u00fastria cosm\u00e9tica","Sustentabilidade no setor cosm\u00e9tico","tend\u00eancias de embalagens no setor de beleza","Tend\u00eancias de embalagens sustent\u00e1veis","tend\u00eancias em embalagens sustent\u00e1veis"],"articleSection":["embalagens biodegrad\u00e1veis"],"inLanguage":"pt-BR","potentialAction":[{"@type":"CommentAction","name":"Comment","target":["https:\/\/ivcembalagens.com.br\/blog\/embalagens-biodegradaveis\/embalagens-para-cosmeticos-biodegradaveis-solucao-sustentavel-para-o-futuro-da-beleza\/#respond"]}]},{"@type":"WebPage","@id":"https:\/\/ivcembalagens.com.br\/blog\/embalagens-biodegradaveis\/embalagens-para-cosmeticos-biodegradaveis-solucao-sustentavel-para-o-futuro-da-beleza\/","url":"https:\/\/ivcembalagens.com.br\/blog\/embalagens-biodegradaveis\/embalagens-para-cosmeticos-biodegradaveis-solucao-sustentavel-para-o-futuro-da-beleza\/","name":"Embalagens para cosm\u00e9ticos biodegrad\u00e1veis: Solu\u00e7\u00e3o sustent\u00e1vel para o futuro da beleza - IVC Embalagens","isPartOf":{"@id":"https:\/\/ivcembalagens.com.br\/blog\/#website"},"datePublished":"2026-01-15T13:14:57+00:00","dateModified":"2026-01-15T13:14:59+00:00","description":"Descubra como as embalagens biodegrad\u00e1veis para cosm\u00e9ticos oferecem sustentabilidade e eleg\u00e2ncia, ajudando a preservar o meio ambiente.","breadcrumb":{"@id":"https:\/\/ivcembalagens.com.br\/blog\/embalagens-biodegradaveis\/embalagens-para-cosmeticos-biodegradaveis-solucao-sustentavel-para-o-futuro-da-beleza\/#breadcrumb"},"inLanguage":"pt-BR","potentialAction":[{"@type":"ReadAction","target":["https:\/\/ivcembalagens.com.br\/blog\/embalagens-biodegradaveis\/embalagens-para-cosmeticos-biodegradaveis-solucao-sustentavel-para-o-futuro-da-beleza\/"]}]},{"@type":"BreadcrumbList","@id":"https:\/\/ivcembalagens.com.br\/blog\/embalagens-biodegradaveis\/embalagens-para-cosmeticos-biodegradaveis-solucao-sustentavel-para-o-futuro-da-beleza\/#breadcrumb","itemListElement":[{"@type":"ListItem","position":1,"name":"In\u00edcio","item":"https:\/\/ivcembalagens.com.br\/blog\/"},{"@type":"ListItem","position":2,"name":"Embalagens para cosm\u00e9ticos biodegrad\u00e1veis: Solu\u00e7\u00e3o sustent\u00e1vel para o futuro da beleza"}]},{"@type":"WebSite","@id":"https:\/\/ivcembalagens.com.br\/blog\/#website","url":"https:\/\/ivcembalagens.com.br\/blog\/","name":"IVC Embalagens","description":"Blog IVC","publisher":{"@id":"https:\/\/ivcembalagens.com.br\/blog\/#organization"},"potentialAction":[{"@type":"SearchAction","target":{"@type":"EntryPoint","urlTemplate":"https:\/\/ivcembalagens.com.br\/blog\/?s={search_term_string}"},"query-input":"required name=search_term_string"}],"inLanguage":"pt-BR"},{"@type":"Organization","@id":"https:\/\/ivcembalagens.com.br\/blog\/#organization","name":"IVC Embalagens","url":"https:\/\/ivcembalagens.com.br\/blog\/","logo":{"@type":"ImageObject","inLanguage":"pt-BR","@id":"https:\/\/ivcembalagens.com.br\/blog\/#\/schema\/logo\/image\/","url":"https:\/\/ivcembalagens.com.br\/blog\/wp-content\/uploads\/2023\/10\/ivc-logo-removebg-preview-1.png","contentUrl":"https:\/\/ivcembalagens.com.br\/blog\/wp-content\/uploads\/2023\/10\/ivc-logo-removebg-preview-1.png","width":108,"height":145,"caption":"IVC Embalagens "},"image":{"@id":"https:\/\/ivcembalagens.com.br\/blog\/#\/schema\/logo\/image\/"}},{"@type":"Person","@id":"https:\/\/ivcembalagens.com.br\/blog\/#\/schema\/person\/4533234d89e35d56f66e104873a56730","name":"admin","image":{"@type":"ImageObject","inLanguage":"pt-BR","@id":"https:\/\/ivcembalagens.com.br\/blog\/#\/schema\/person\/image\/","url":"https:\/\/secure.gravatar.com\/avatar\/3813f53848958b8842eeafda91666185a90010f65ed554379b78794cde6f234a?s=96&d=mm&r=g","contentUrl":"https:\/\/secure.gravatar.com\/avatar\/3813f53848958b8842eeafda91666185a90010f65ed554379b78794cde6f234a?s=96&d=mm&r=g","caption":"admin"},"sameAs":["http:\/\/ivcembalagens.com.br\/blog"],"url":"https:\/\/ivcembalagens.com.br\/blog\/author\/admin\/"}]}},"_links":{"self":[{"href":"https:\/\/ivcembalagens.com.br\/blog\/wp-json\/wp\/v2\/posts\/282","targetHints":{"allow":["GET"]}}],"collection":[{"href":"https:\/\/ivcembalagens.com.br\/blog\/wp-json\/wp\/v2\/posts"}],"about":[{"href":"https:\/\/ivcembalagens.com.br\/blog\/wp-json\/wp\/v2\/types\/post"}],"author":[{"embeddable":true,"href":"https:\/\/ivcembalagens.com.br\/blog\/wp-json\/wp\/v2\/users\/1"}],"replies":[{"embeddable":true,"href":"https:\/\/ivcembalagens.com.br\/blog\/wp-json\/wp\/v2\/comments?post=282"}],"version-history":[{"count":2,"href":"https:\/\/ivcembalagens.com.br\/blog\/wp-json\/wp\/v2\/posts\/282\/revisions"}],"predecessor-version":[{"id":421,"href":"https:\/\/ivcembalagens.com.br\/blog\/wp-json\/wp\/v2\/posts\/282\/revisions\/421"}],"wp:featuredmedia":[{"embeddable":true,"href":"https:\/\/ivcembalagens.com.br\/blog\/wp-json\/wp\/v2\/media\/283"}],"wp:attachment":[{"href":"https:\/\/ivcembalagens.com.br\/blog\/wp-json\/wp\/v2\/media?parent=282"}],"wp:term":[{"taxonomy":"category","embeddable":true,"href":"https:\/\/ivcembalagens.com.br\/blog\/wp-json\/wp\/v2\/categories?post=282"},{"taxonomy":"post_tag","embeddable":true,"href":"https:\/\/ivcembalagens.com.br\/blog\/wp-json\/wp\/v2\/tags?post=282"}],"curies":[{"name":"wp","href":"https:\/\/api.w.org\/{rel}","templated":true}]}}