{"id":312,"date":"2024-12-12T15:44:54","date_gmt":"2024-12-12T15:44:54","guid":{"rendered":"https:\/\/ivcembalagens.com.br\/blog\/?p=312"},"modified":"2024-12-12T15:46:00","modified_gmt":"2024-12-12T15:46:00","slug":"fabrica-de-lonas-plasticas-em-sao-paulo-qualidade-versatilidade-e-inovacao","status":"publish","type":"post","link":"https:\/\/ivcembalagens.com.br\/blog\/lonas-plasticas\/fabrica-de-lonas-plasticas-em-sao-paulo-qualidade-versatilidade-e-inovacao\/","title":{"rendered":"F\u00e1brica de lonas pl\u00e1sticas em S\u00e3o Paulo: qualidade, versatilidade e inova\u00e7\u00e3o"},"content":{"rendered":"<span class=\"rt-reading-time\" style=\"display: block;\"><span class=\"rt-label rt-prefix\">Tempo de leitura:<\/span> <span class=\"rt-time\">6<\/span> <span class=\"rt-label rt-postfix\">minutos<\/span><\/span>\n<p class=\"has-medium-font-size\"><strong><em>Conhe\u00e7a as lonas pl\u00e1sticas da IVC Embalagens, f\u00e1brica em S\u00e3o Paulo que oferece qualidade, personaliza\u00e7\u00e3o e solu\u00e7\u00f5es para diversas demandas.<\/em><\/strong><\/p>\n\n\n\n<p>Quando se trata de prote\u00e7\u00e3o, armazenamento e solu\u00e7\u00f5es pr\u00e1ticas para diferentes setores, as lonas pl\u00e1sticas s\u00e3o a escolha ideal. Em S\u00e3o Paulo, empresas como a <strong>IVC Embalagens<\/strong> destacam-se por oferecer produtos de alta qualidade e personaliza\u00e7\u00e3o para atender \u00e0s mais variadas necessidades.<\/p>\n\n\n\n<p>Neste artigo, vamos explorar o que torna a <strong>f\u00e1brica de lonas pl\u00e1sticas em S\u00e3o Paulo<\/strong> da IVC Embalagens uma refer\u00eancia, entender as aplica\u00e7\u00f5es das lonas pl\u00e1sticas e as vantagens que esses produtos proporcionam. Continue a leitura para garantir o melhor custo-benef\u00edcio para seus projetos.<\/p>\n\n\n\n<ul class=\"wp-block-list\">\n<li><a href=\"https:\/\/ivcembalagens.com.br\/blog\/plastico-para-embalar-moveis\/por-que-o-plastico-para-embalar-moveis-e-indispensavel-na-sua-mudanca-saiba-antes-que-seja-tarde\/\">Por que o pl\u00e1stico para embalar m\u00f3veis \u00e9 indispens\u00e1vel na sua mudan\u00e7a? Saiba antes que seja tarde!<\/a><\/li>\n<\/ul>\n\n\n\n<div id=\"ez-toc-container\" class=\"ez-toc-v2_0_62 counter-hierarchy ez-toc-counter ez-toc-white ez-toc-container-direction\">\n<div class=\"ez-toc-title-container\">\n<p class=\"ez-toc-title \" >LISTA DE T&Oacute;PICOS<\/p>\n<span class=\"ez-toc-title-toggle\"><a href=\"#\" class=\"ez-toc-pull-right ez-toc-btn ez-toc-btn-xs ez-toc-btn-default ez-toc-toggle\" aria-label=\"Toggle Table of Content\"><span class=\"ez-toc-js-icon-con\"><span class=\"\"><span class=\"eztoc-hide\" style=\"display:none;\">Toggle<\/span><span class=\"ez-toc-icon-toggle-span\"><svg style=\"fill: #999;color:#999\" xmlns=\"http:\/\/www.w3.org\/2000\/svg\" class=\"list-377408\" width=\"20px\" height=\"20px\" viewBox=\"0 0 24 24\" fill=\"none\"><path d=\"M6 6H4v2h2V6zm14 0H8v2h12V6zM4 11h2v2H4v-2zm16 0H8v2h12v-2zM4 16h2v2H4v-2zm16 0H8v2h12v-2z\" fill=\"currentColor\"><\/path><\/svg><svg style=\"fill: #999;color:#999\" class=\"arrow-unsorted-368013\" xmlns=\"http:\/\/www.w3.org\/2000\/svg\" width=\"10px\" height=\"10px\" viewBox=\"0 0 24 24\" version=\"1.2\" baseProfile=\"tiny\"><path d=\"M18.2 9.3l-6.2-6.3-6.2 6.3c-.2.2-.3.4-.3.7s.1.5.3.7c.2.2.4.3.7.3h11c.3 0 .5-.1.7-.3.2-.2.3-.5.3-.7s-.1-.5-.3-.7zM5.8 14.7l6.2 6.3 6.2-6.3c.2-.2.3-.5.3-.7s-.1-.5-.3-.7c-.2-.2-.4-.3-.7-.3h-11c-.3 0-.5.1-.7.3-.2.2-.3.5-.3.7s.1.5.3.7z\"\/><\/svg><\/span><\/span><\/span><\/a><\/span><\/div>\n<nav><ul class='ez-toc-list ez-toc-list-level-1 ' ><li class='ez-toc-page-1 ez-toc-heading-level-2'><a class=\"ez-toc-link ez-toc-heading-1\" href=\"https:\/\/ivcembalagens.com.br\/blog\/lonas-plasticas\/fabrica-de-lonas-plasticas-em-sao-paulo-qualidade-versatilidade-e-inovacao\/#O_que_sao_lonas_plasticas_e_por_que_sao_indispensaveis\" title=\"O que s\u00e3o lonas pl\u00e1sticas e por que s\u00e3o indispens\u00e1veis?\">O que s\u00e3o lonas pl\u00e1sticas e por que s\u00e3o indispens\u00e1veis?<\/a><\/li><li class='ez-toc-page-1 ez-toc-heading-level-2'><a class=\"ez-toc-link ez-toc-heading-2\" href=\"https:\/\/ivcembalagens.com.br\/blog\/lonas-plasticas\/fabrica-de-lonas-plasticas-em-sao-paulo-qualidade-versatilidade-e-inovacao\/#Principais_aplicacoes_das_lonas_plasticas\" title=\"Principais aplica\u00e7\u00f5es das lonas pl\u00e1sticas\">Principais aplica\u00e7\u00f5es das lonas pl\u00e1sticas<\/a><ul class='ez-toc-list-level-3' ><li class='ez-toc-heading-level-3'><a class=\"ez-toc-link ez-toc-heading-3\" href=\"https:\/\/ivcembalagens.com.br\/blog\/lonas-plasticas\/fabrica-de-lonas-plasticas-em-sao-paulo-qualidade-versatilidade-e-inovacao\/#Construcao_civil\" title=\"Constru\u00e7\u00e3o civil\">Constru\u00e7\u00e3o civil<\/a><\/li><li class='ez-toc-page-1 ez-toc-heading-level-3'><a class=\"ez-toc-link ez-toc-heading-4\" href=\"https:\/\/ivcembalagens.com.br\/blog\/lonas-plasticas\/fabrica-de-lonas-plasticas-em-sao-paulo-qualidade-versatilidade-e-inovacao\/#Agricultura_e_pecuaria\" title=\"Agricultura e pecu\u00e1ria\">Agricultura e pecu\u00e1ria<\/a><\/li><li class='ez-toc-page-1 ez-toc-heading-level-3'><a class=\"ez-toc-link ez-toc-heading-5\" href=\"https:\/\/ivcembalagens.com.br\/blog\/lonas-plasticas\/fabrica-de-lonas-plasticas-em-sao-paulo-qualidade-versatilidade-e-inovacao\/#Eventos_e_decoracao\" title=\"Eventos e decora\u00e7\u00e3o\">Eventos e decora\u00e7\u00e3o<\/a><\/li><li class='ez-toc-page-1 ez-toc-heading-level-3'><a class=\"ez-toc-link ez-toc-heading-6\" href=\"https:\/\/ivcembalagens.com.br\/blog\/lonas-plasticas\/fabrica-de-lonas-plasticas-em-sao-paulo-qualidade-versatilidade-e-inovacao\/#Transporte_e_logistica\" title=\"Transporte e log\u00edstica\">Transporte e log\u00edstica<\/a><\/li><li class='ez-toc-page-1 ez-toc-heading-level-3'><a class=\"ez-toc-link ez-toc-heading-7\" href=\"https:\/\/ivcembalagens.com.br\/blog\/lonas-plasticas\/fabrica-de-lonas-plasticas-em-sao-paulo-qualidade-versatilidade-e-inovacao\/#Uso_domestico\" title=\"Uso dom\u00e9stico\">Uso dom\u00e9stico<\/a><\/li><\/ul><\/li><li class='ez-toc-page-1 ez-toc-heading-level-2'><a class=\"ez-toc-link ez-toc-heading-8\" href=\"https:\/\/ivcembalagens.com.br\/blog\/lonas-plasticas\/fabrica-de-lonas-plasticas-em-sao-paulo-qualidade-versatilidade-e-inovacao\/#Por_que_escolher_a_IVC_Embalagens_como_sua_fabrica_de_lonas_plasticas_em_Sao_Paulo\" title=\"Por que escolher a IVC Embalagens como sua f\u00e1brica de lonas pl\u00e1sticas em S\u00e3o Paulo?\">Por que escolher a IVC Embalagens como sua f\u00e1brica de lonas pl\u00e1sticas em S\u00e3o Paulo?<\/a><\/li><li class='ez-toc-page-1 ez-toc-heading-level-2'><a class=\"ez-toc-link ez-toc-heading-9\" href=\"https:\/\/ivcembalagens.com.br\/blog\/lonas-plasticas\/fabrica-de-lonas-plasticas-em-sao-paulo-qualidade-versatilidade-e-inovacao\/#Vantagens_das_lonas_plasticas_da_IVC_Embalagens\" title=\"Vantagens das lonas pl\u00e1sticas da IVC Embalagens\">Vantagens das lonas pl\u00e1sticas da IVC Embalagens<\/a><\/li><li class='ez-toc-page-1 ez-toc-heading-level-2'><a class=\"ez-toc-link ez-toc-heading-10\" href=\"https:\/\/ivcembalagens.com.br\/blog\/lonas-plasticas\/fabrica-de-lonas-plasticas-em-sao-paulo-qualidade-versatilidade-e-inovacao\/#Como_a_fabrica_de_lonas_plasticas_em_Sao_Paulo_atende_diferentes_segmentos\" title=\"Como a f\u00e1brica de lonas pl\u00e1sticas em S\u00e3o Paulo atende diferentes segmentos?\">Como a f\u00e1brica de lonas pl\u00e1sticas em S\u00e3o Paulo atende diferentes segmentos?<\/a><\/li><li class='ez-toc-page-1 ez-toc-heading-level-2'><a class=\"ez-toc-link ez-toc-heading-11\" href=\"https:\/\/ivcembalagens.com.br\/blog\/lonas-plasticas\/fabrica-de-lonas-plasticas-em-sao-paulo-qualidade-versatilidade-e-inovacao\/#Como_escolher_a_lona_ideal_para_o_seu_projeto\" title=\"Como escolher a lona ideal para o seu projeto?\">Como escolher a lona ideal para o seu projeto?<\/a><\/li><li class='ez-toc-page-1 ez-toc-heading-level-2'><a class=\"ez-toc-link ez-toc-heading-12\" href=\"https:\/\/ivcembalagens.com.br\/blog\/lonas-plasticas\/fabrica-de-lonas-plasticas-em-sao-paulo-qualidade-versatilidade-e-inovacao\/#Invista_nas_lonas_da_IVC_Embalagens\" title=\"Invista nas lonas da IVC Embalagens\">Invista nas lonas da IVC Embalagens<\/a><\/li><\/ul><\/nav><\/div>\n<h2 class=\"wp-block-heading\"><span class=\"ez-toc-section\" id=\"O_que_sao_lonas_plasticas_e_por_que_sao_indispensaveis\"><\/span>O que s\u00e3o lonas pl\u00e1sticas e por que s\u00e3o indispens\u00e1veis?<span class=\"ez-toc-section-end\"><\/span><\/h2>\n\n\n<div class=\"wp-block-image\">\n<figure class=\"alignright size-full is-resized\"><img loading=\"lazy\" decoding=\"async\" width=\"1000\" height=\"667\" src=\"https:\/\/ivcembalagens.com.br\/blog\/wp-content\/uploads\/2024\/12\/163022.jpg\" alt=\"\" class=\"wp-image-313\" style=\"width:411px;height:auto\" srcset=\"https:\/\/ivcembalagens.com.br\/blog\/wp-content\/uploads\/2024\/12\/163022.jpg 1000w, https:\/\/ivcembalagens.com.br\/blog\/wp-content\/uploads\/2024\/12\/163022-300x200.jpg 300w, https:\/\/ivcembalagens.com.br\/blog\/wp-content\/uploads\/2024\/12\/163022-768x512.jpg 768w\" sizes=\"auto, (max-width: 1000px) 100vw, 1000px\" \/><\/figure>\n<\/div>\n\n\n<p>As lonas pl\u00e1sticas s\u00e3o materiais fabricados principalmente a partir de polietileno ou PVC, conhecidos por sua resist\u00eancia e durabilidade. Com tratamento especial contra raios UV e propriedades imperme\u00e1veis, as lonas s\u00e3o amplamente utilizadas em diversos segmentos, incluindo constru\u00e7\u00e3o civil, agricultura, log\u00edstica e eventos.<\/p>\n\n\n\n<p><strong>Sua versatilidade \u00e9 incompar\u00e1vel<\/strong>, permitindo usos que v\u00e3o desde a prote\u00e7\u00e3o de materiais at\u00e9 a cobertura de superf\u00edcies extensas, garantindo economia e efici\u00eancia.<\/p>\n\n\n\n<p>A <strong>IVC Embalagens<\/strong>, localizada em S\u00e3o Paulo, lidera o mercado com produtos de alta qualidade. A empresa oferece lonas sob medida, feitas para atender \u00e0s especificidades de cada cliente, desde projetos residenciais at\u00e9 demandas industriais de grande porte.<\/p>\n\n\n\n<ul class=\"wp-block-list\">\n<li><a href=\"https:\/\/ivcembalagens.com.br\/blog\/embalagens-flexiveis\/empresa-de-embalagens-flexiveis-descubra-a-escolha-que-pode-transformar-o-seu-negocio\/\">Empresa de embalagens flex\u00edveis: descubra a escolha que pode transformar o seu neg\u00f3cio<\/a><\/li>\n<\/ul>\n\n\n\n<h2 class=\"wp-block-heading\"><span class=\"ez-toc-section\" id=\"Principais_aplicacoes_das_lonas_plasticas\"><\/span>Principais aplica\u00e7\u00f5es das lonas pl\u00e1sticas<span class=\"ez-toc-section-end\"><\/span><\/h2>\n\n\n\n<p>A <strong>f\u00e1brica de lonas pl\u00e1sticas em S\u00e3o Paulo<\/strong> da IVC Embalagens atende diferentes setores e finalidades, destacando-se pela variedade de usos:<\/p>\n\n\n\n<h3 class=\"wp-block-heading\"><span class=\"ez-toc-section\" id=\"Construcao_civil\"><\/span>Constru\u00e7\u00e3o civil<span class=\"ez-toc-section-end\"><\/span><\/h3>\n\n\n\n<p>No setor da constru\u00e7\u00e3o civil, as lonas s\u00e3o indispens\u00e1veis para proteger materiais como areia e cimento, al\u00e9m de cobrir estruturas inacabadas, evitando danos causados pela chuva. A resist\u00eancia das lonas da IVC Embalagens garante durabilidade mesmo em obras de longo prazo.<\/p>\n\n\n\n<h3 class=\"wp-block-heading\"><span class=\"ez-toc-section\" id=\"Agricultura_e_pecuaria\"><\/span>Agricultura e pecu\u00e1ria<span class=\"ez-toc-section-end\"><\/span><\/h3>\n\n\n\n<p>A agricultura \u00e9 um dos setores que mais utiliza lonas pl\u00e1sticas. Elas s\u00e3o empregadas na cobertura de silos, no armazenamento de gr\u00e3os e na prote\u00e7\u00e3o de planta\u00e7\u00f5es contra chuvas fortes. As lonas da IVC Embalagens, com tratamento anti-UV, oferecem <strong>prote\u00e7\u00e3o adicional contra o desgaste causado pela exposi\u00e7\u00e3o ao sol<\/strong>.<\/p>\n\n\n\n<h3 class=\"wp-block-heading\"><span class=\"ez-toc-section\" id=\"Eventos_e_decoracao\"><\/span>Eventos e decora\u00e7\u00e3o<span class=\"ez-toc-section-end\"><\/span><\/h3>\n\n\n\n<p>Seja para feiras, exposi\u00e7\u00f5es ou festas, as lonas pl\u00e1sticas s\u00e3o amplamente utilizadas como coberturas tempor\u00e1rias ou na constru\u00e7\u00e3o de stands. A IVC Embalagens fornece lonas personalizadas, adapt\u00e1veis \u00e0s necessidades de design e seguran\u00e7a.<\/p>\n\n\n\n<h3 class=\"wp-block-heading\"><span class=\"ez-toc-section\" id=\"Transporte_e_logistica\"><\/span>Transporte e log\u00edstica<span class=\"ez-toc-section-end\"><\/span><\/h3>\n\n\n\n<p>As lonas pl\u00e1sticas desempenham um papel crucial no transporte de cargas. Elas protegem mercadorias de intemp\u00e9ries e garantem a integridade durante o transporte. Com a <strong>qualidade da IVC Embalagens<\/strong>, sua carga estar\u00e1 sempre segura.<\/p>\n\n\n\n<h3 class=\"wp-block-heading\"><span class=\"ez-toc-section\" id=\"Uso_domestico\"><\/span>Uso dom\u00e9stico<span class=\"ez-toc-section-end\"><\/span><\/h3>\n\n\n\n<p>Al\u00e9m de usos comerciais, as lonas pl\u00e1sticas s\u00e3o pr\u00e1ticas para cobrir m\u00f3veis em reformas, proteger objetos em mudan\u00e7as ou criar \u00e1reas sombreadas em quintais e jardins.<\/p>\n\n\n\n<ul class=\"wp-block-list\">\n<li><a href=\"https:\/\/ivcembalagens.com.br\/blog\/fabrica-de-plasticos\/conheca-a-melhor-fabrica-de-plasticos-em-sao-paulo-qualidade-variedade-e-economia-para-seu-negocio\/\">Conhe\u00e7a a melhor f\u00e1brica de pl\u00e1sticos em S\u00e3o Paulo: qualidade, variedade e economia para seu neg\u00f3cio<\/a><\/li>\n<\/ul>\n\n\n\n<h2 class=\"wp-block-heading\"><span class=\"ez-toc-section\" id=\"Por_que_escolher_a_IVC_Embalagens_como_sua_fabrica_de_lonas_plasticas_em_Sao_Paulo\"><\/span>Por que escolher a IVC Embalagens como sua f\u00e1brica de lonas pl\u00e1sticas em S\u00e3o Paulo?<span class=\"ez-toc-section-end\"><\/span><\/h2>\n\n\n\n<p>Quando se trata de escolher o fornecedor ideal, \u00e9 essencial garantir produtos de qualidade e um atendimento de excel\u00eancia. A <strong>IVC Embalagens<\/strong> \u00e9 reconhecida em S\u00e3o Paulo pela confiabilidade e inova\u00e7\u00e3o no segmento de lonas pl\u00e1sticas.<\/p>\n\n\n\n<p>Veja os diferenciais da IVC Embalagens:<\/p>\n\n\n\n<ul class=\"wp-block-list\">\n<li><strong>Produtos de alta qualidade: <\/strong>A IVC Embalagens utiliza materiais de primeira linha para fabricar lonas pl\u00e1sticas que oferecem resist\u00eancia, durabilidade e prote\u00e7\u00e3o em qualquer aplica\u00e7\u00e3o;<br><\/li>\n\n\n\n<li><strong>Personaliza\u00e7\u00e3o: <\/strong>Cada cliente tem necessidades espec\u00edficas, e a <strong>IVC Embalagens<\/strong> est\u00e1 preparada para atender a demandas personalizadas. Seja para coberturas grandes ou pequenas, a empresa adapta os produtos ao projeto;<br><\/li>\n\n\n\n<li><strong>Sustentabilidade: <\/strong>Com processos que minimizam desperd\u00edcios e promovem o uso consciente de recursos, a <strong>IVC Embalagens<\/strong> \u00e9 uma op\u00e7\u00e3o sustent\u00e1vel para quem busca lonas pl\u00e1sticas em S\u00e3o Paulo;<br><\/li>\n\n\n\n<li><strong>Atendimento \u00e1gil: <\/strong>Localizada estrategicamente em S\u00e3o Paulo, a f\u00e1brica oferece entregas r\u00e1pidas e um atendimento eficiente para todas as regi\u00f5es da cidade e do estado.<\/li>\n<\/ul>\n\n\n\n<h2 class=\"wp-block-heading\"><span class=\"ez-toc-section\" id=\"Vantagens_das_lonas_plasticas_da_IVC_Embalagens\"><\/span>Vantagens das lonas pl\u00e1sticas da IVC Embalagens<span class=\"ez-toc-section-end\"><\/span><\/h2>\n\n\n\n<p>Optar pelas lonas pl\u00e1sticas da <strong>IVC Embalagens<\/strong> garante uma s\u00e9rie de benef\u00edcios:<\/p>\n\n\n\n<ul class=\"wp-block-list\">\n<li><strong>Resist\u00eancia incompar\u00e1vel:<\/strong> Fabricadas com materiais de alta densidade, essas lonas suportam condi\u00e7\u00f5es clim\u00e1ticas extremas;<br><\/li>\n\n\n\n<li><strong>Impermeabilidade total:<\/strong> Evitam infiltra\u00e7\u00f5es e protegem materiais de danos causados por \u00e1gua;<br><\/li>\n\n\n\n<li><strong>Prote\u00e7\u00e3o UV:<\/strong> Ideais para uso externo, elas resistem \u00e0 a\u00e7\u00e3o prolongada do sol;<br><\/li>\n\n\n\n<li><strong>Custo-benef\u00edcio:<\/strong> A durabilidade das lonas permite economizar em reposi\u00e7\u00f5es;<br><\/li>\n\n\n\n<li><strong>Facilidade de uso:<\/strong> Leves e pr\u00e1ticas, s\u00e3o f\u00e1ceis de instalar e manusear.<\/li>\n<\/ul>\n\n\n\n<h2 class=\"wp-block-heading\"><span class=\"ez-toc-section\" id=\"Como_a_fabrica_de_lonas_plasticas_em_Sao_Paulo_atende_diferentes_segmentos\"><\/span>Como a f\u00e1brica de lonas pl\u00e1sticas em S\u00e3o Paulo atende diferentes segmentos?<span class=\"ez-toc-section-end\"><\/span><\/h2>\n\n\n\n<p>A presen\u00e7a da <strong>IVC Embalagens<\/strong> em S\u00e3o Paulo \u00e9 um grande diferencial. A cidade \u00e9 um dos principais polos econ\u00f4micos do Brasil, e a empresa est\u00e1 preparada para atender demandas de setores variados, oferecendo solu\u00e7\u00f5es para ind\u00fastrias, com\u00e9rcios e consumidores finais.<\/p>\n\n\n\n<p>Com um portf\u00f3lio diversificado, a f\u00e1brica de lonas pl\u00e1sticas atende projetos complexos, como os da constru\u00e7\u00e3o civil, e demandas mais simples, como coberturas para resid\u00eancias.<\/p>\n\n\n\n<h2 class=\"wp-block-heading\"><span class=\"ez-toc-section\" id=\"Como_escolher_a_lona_ideal_para_o_seu_projeto\"><\/span>Como escolher a lona ideal para o seu projeto?<span class=\"ez-toc-section-end\"><\/span><\/h2>\n\n\n\n<p>Ao adquirir lonas pl\u00e1sticas, alguns fatores devem ser considerados para garantir a escolha certa:<\/p>\n\n\n\n<ul class=\"wp-block-list\">\n<li><strong>Espessura e resist\u00eancia:<\/strong> Verifique se a lona \u00e9 adequada \u00e0 intensidade de uso.<\/li>\n\n\n\n<li><strong>Tratamentos adicionais:<\/strong> Priorize produtos com prote\u00e7\u00e3o UV e resist\u00eancia \u00e0 tra\u00e7\u00e3o.<\/li>\n\n\n\n<li><strong>Tamanho:<\/strong> Certifique-se de que a lona tenha as dimens\u00f5es corretas para o projeto.<\/li>\n\n\n\n<li><strong>Fornecedor confi\u00e1vel:<\/strong> Escolha uma f\u00e1brica reconhecida, como a <strong>IVC Embalagens<\/strong>, que oferece garantia de qualidade.<\/li>\n<\/ul>\n\n\n\n<p>Ao optar pelas lonas da <strong>IVC Embalagens<\/strong>, voc\u00ea ter\u00e1 a seguran\u00e7a de adquirir um produto que atende a esses crit\u00e9rios e supera expectativas.<\/p>\n\n\n\n<h2 class=\"wp-block-heading\"><span class=\"ez-toc-section\" id=\"Invista_nas_lonas_da_IVC_Embalagens\"><\/span>Invista nas lonas da IVC Embalagens<span class=\"ez-toc-section-end\"><\/span><\/h2>\n\n\n\n<p>A <strong>f\u00e1brica de lonas pl\u00e1sticas em S\u00e3o Paulo<\/strong> da IVC Embalagens \u00e9 a escolha ideal para quem busca qualidade, personaliza\u00e7\u00e3o e agilidade. Com produtos que atendem diferentes setores e necessidades, a empresa consolida-se como refer\u00eancia no mercado.<\/p>\n\n\n\n<p>Seja qual for o seu projeto, as lonas pl\u00e1sticas da <strong>IVC Embalagens<\/strong> garantem prote\u00e7\u00e3o e efici\u00eancia. <a href=\"https:\/\/api.whatsapp.com\/send?phone=5511989317910\"><strong>Entre em contato com a f\u00e1brica e descubra como suas solu\u00e7\u00f5es podem transformar o seu dia a dia!<\/strong><\/a><\/p>\n","protected":false},"excerpt":{"rendered":"<p><span class=\"rt-reading-time\" style=\"display: block;\"><span class=\"rt-label rt-prefix\">Tempo de leitura:<\/span> <span class=\"rt-time\">6<\/span> <span class=\"rt-label rt-postfix\">minutos<\/span><\/span> Conhe\u00e7a as lonas pl\u00e1sticas da IVC Embalagens, f\u00e1brica em S\u00e3o Paulo que oferece qualidade, personaliza\u00e7\u00e3o e solu\u00e7\u00f5es para diversas demandas. Quando se trata de prote\u00e7\u00e3o, armazenamento e solu\u00e7\u00f5es pr\u00e1ticas para diferentes setores, as lonas pl\u00e1sticas s\u00e3o a escolha ideal. Em&#8230;<\/p>\n","protected":false},"author":1,"featured_media":314,"comment_status":"open","ping_status":"open","sticky":false,"template":"","format":"standard","meta":{"footnotes":""},"categories":[925],"tags":[6341,6350,936,6345,949,6335,975,6339,6093,6342,6340,6347,6351,6336,1131,5399,1105,1079,1066,6354,6355,6356,6357,5413,1053,5419,6352,6215,6346,6348,6337,6344,6349,6343,6338,6353],"class_list":["post-312","post","type-post","status-publish","format-standard","has-post-thumbnail","hentry","category-lonas-plasticas","tag-coberturas-impermeaveis","tag-compra-de-lonas-em-sao-paulo","tag-comprar-lonas-plasticas","tag-durabilidade-das-lonas","tag-empresa-de-lonas-plasticas","tag-fabrica-de-lonas-plasticas-em-sao-paulo","tag-fabricante-de-lonas-plasticas","tag-fornecedor-de-lonas-em-sp","tag-ivc-embalagens","tag-lonas-agricolas-com-protecao-uv","tag-lonas-industriais","tag-lonas-para-construcao-civil","tag-lonas-para-logistica","tag-lonas-plasticas-de-qualidade","tag-lonas-plasticas-direto-da-fabrica","tag-lonas-plasticas-em-alphaville","tag-lonas-plasticas-em-barueri","tag-lonas-plasticas-em-sao-paulo","tag-lonas-plasticas-em-sp","tag-lonas-plasticas-na-zona-leste","tag-lonas-plasticas-na-zona-norte","tag-lonas-plasticas-na-zona-oeste","tag-lonas-plasticas-na-zona-sul","tag-lonas-plasticas-perto-de-mim","tag-lonas-plasticas-preco","tag-lonas-plasticas-proximo-a-mim","tag-lonas-plasticas-sob-medida","tag-onde-encontrar-lonas-plasticas","tag-personalizacao-de-lonas","tag-protecao-agricola-eficiente","tag-protecao-com-lonas","tag-resistencia-em-lonas-plasticas","tag-sustentabilidade-em-lonas-plasticas","tag-transporte-com-lonas-plasticas","tag-usos-de-lonas-plasticas","tag-vantagens-das-lonas-da-ivc-embalagens"],"yoast_head":"<!-- This site is optimized with the Yoast SEO plugin v20.6 - https:\/\/yoast.com\/wordpress\/plugins\/seo\/ -->\n<title>F\u00e1brica de lonas pl\u00e1sticas em S\u00e3o Paulo: qualidade, versatilidade e inova\u00e7\u00e3o - IVC Embalagens<\/title>\n<meta name=\"description\" content=\"Conhe\u00e7a as lonas pl\u00e1sticas da IVC Embalagens, f\u00e1brica em S\u00e3o Paulo que oferece qualidade, personaliza\u00e7\u00e3o e solu\u00e7\u00f5es para diversas demandas.\" \/>\n<meta name=\"robots\" content=\"index, follow, max-snippet:-1, max-image-preview:large, max-video-preview:-1\" \/>\n<link rel=\"canonical\" href=\"https:\/\/ivcembalagens.com.br\/blog\/lonas-plasticas\/fabrica-de-lonas-plasticas-em-sao-paulo-qualidade-versatilidade-e-inovacao\/\" \/>\n<meta property=\"og:locale\" content=\"pt_BR\" \/>\n<meta property=\"og:type\" content=\"article\" \/>\n<meta property=\"og:title\" content=\"F\u00e1brica de lonas pl\u00e1sticas em S\u00e3o Paulo: qualidade, versatilidade e inova\u00e7\u00e3o - IVC Embalagens\" \/>\n<meta property=\"og:description\" content=\"Conhe\u00e7a as lonas pl\u00e1sticas da IVC Embalagens, f\u00e1brica em S\u00e3o Paulo que oferece qualidade, personaliza\u00e7\u00e3o e solu\u00e7\u00f5es para diversas demandas.\" \/>\n<meta property=\"og:url\" content=\"https:\/\/ivcembalagens.com.br\/blog\/lonas-plasticas\/fabrica-de-lonas-plasticas-em-sao-paulo-qualidade-versatilidade-e-inovacao\/\" \/>\n<meta property=\"og:site_name\" content=\"IVC Embalagens\" \/>\n<meta property=\"article:published_time\" content=\"2024-12-12T15:44:54+00:00\" \/>\n<meta property=\"article:modified_time\" content=\"2024-12-12T15:46:00+00:00\" \/>\n<meta property=\"og:image\" content=\"https:\/\/ivcembalagens.com.br\/blog\/wp-content\/uploads\/2024\/12\/lona_plastica.jpg\" \/>\n\t<meta property=\"og:image:width\" content=\"700\" \/>\n\t<meta property=\"og:image:height\" content=\"467\" \/>\n\t<meta property=\"og:image:type\" content=\"image\/jpeg\" \/>\n<meta name=\"author\" content=\"admin\" \/>\n<meta name=\"twitter:card\" content=\"summary_large_image\" \/>\n<meta name=\"twitter:label1\" content=\"Escrito por\" \/>\n\t<meta name=\"twitter:data1\" content=\"admin\" \/>\n\t<meta name=\"twitter:label2\" content=\"Est. tempo de leitura\" \/>\n\t<meta name=\"twitter:data2\" content=\"6 minutos\" \/>\n<script type=\"application\/ld+json\" class=\"yoast-schema-graph\">{\"@context\":\"https:\/\/schema.org\",\"@graph\":[{\"@type\":\"Article\",\"@id\":\"https:\/\/ivcembalagens.com.br\/blog\/lonas-plasticas\/fabrica-de-lonas-plasticas-em-sao-paulo-qualidade-versatilidade-e-inovacao\/#article\",\"isPartOf\":{\"@id\":\"https:\/\/ivcembalagens.com.br\/blog\/lonas-plasticas\/fabrica-de-lonas-plasticas-em-sao-paulo-qualidade-versatilidade-e-inovacao\/\"},\"author\":{\"name\":\"admin\",\"@id\":\"https:\/\/ivcembalagens.com.br\/blog\/#\/schema\/person\/4533234d89e35d56f66e104873a56730\"},\"headline\":\"F\u00e1brica de lonas pl\u00e1sticas em S\u00e3o Paulo: qualidade, versatilidade e inova\u00e7\u00e3o\",\"datePublished\":\"2024-12-12T15:44:54+00:00\",\"dateModified\":\"2024-12-12T15:46:00+00:00\",\"mainEntityOfPage\":{\"@id\":\"https:\/\/ivcembalagens.com.br\/blog\/lonas-plasticas\/fabrica-de-lonas-plasticas-em-sao-paulo-qualidade-versatilidade-e-inovacao\/\"},\"wordCount\":1144,\"commentCount\":0,\"publisher\":{\"@id\":\"https:\/\/ivcembalagens.com.br\/blog\/#organization\"},\"keywords\":[\"coberturas imperme\u00e1veis\",\"compra de lonas em S\u00e3o Paulo\",\"comprar Lonas pl\u00e1sticas\",\"durabilidade das lonas\",\"empresa de Lonas pl\u00e1sticas\",\"f\u00e1brica de lonas pl\u00e1sticas em S\u00e3o Paulo\",\"fabricante de Lonas pl\u00e1sticas\",\"fornecedor de lonas em SP\",\"IVC Embalagens\",\"lonas agr\u00edcolas com prote\u00e7\u00e3o UV\",\"lonas industriais\",\"lonas para constru\u00e7\u00e3o civil\",\"lonas para log\u00edstica\",\"lonas pl\u00e1sticas de qualidade\",\"Lonas pl\u00e1sticas direto da fabrica\",\"lonas pl\u00e1sticas em Alphaville\",\"Lonas pl\u00e1sticas em Barueri\",\"Lonas pl\u00e1sticas em s\u00e3o paulo\",\"Lonas pl\u00e1sticas em sp\",\"lonas pl\u00e1sticas na zona leste\",\"lonas pl\u00e1sticas na zona norte\",\"lonas pl\u00e1sticas na zona oeste\",\"lonas pl\u00e1sticas na zona sul\",\"lonas pl\u00e1sticas perto de mim\",\"Lonas pl\u00e1sticas pre\u00e7o\",\"lonas pl\u00e1sticas pr\u00f3ximo a mim\",\"lonas pl\u00e1sticas sob medida\",\"onde encontrar lonas pl\u00e1sticas\",\"personaliza\u00e7\u00e3o de lonas\",\"prote\u00e7\u00e3o agr\u00edcola eficiente\",\"prote\u00e7\u00e3o com lonas\",\"resist\u00eancia em lonas pl\u00e1sticas\",\"sustentabilidade em lonas pl\u00e1sticas\",\"transporte com lonas pl\u00e1sticas\",\"usos de lonas pl\u00e1sticas\",\"vantagens das lonas da IVC Embalagens\"],\"articleSection\":[\"Lonas pl\u00e1sticas\"],\"inLanguage\":\"pt-BR\",\"potentialAction\":[{\"@type\":\"CommentAction\",\"name\":\"Comment\",\"target\":[\"https:\/\/ivcembalagens.com.br\/blog\/lonas-plasticas\/fabrica-de-lonas-plasticas-em-sao-paulo-qualidade-versatilidade-e-inovacao\/#respond\"]}]},{\"@type\":\"WebPage\",\"@id\":\"https:\/\/ivcembalagens.com.br\/blog\/lonas-plasticas\/fabrica-de-lonas-plasticas-em-sao-paulo-qualidade-versatilidade-e-inovacao\/\",\"url\":\"https:\/\/ivcembalagens.com.br\/blog\/lonas-plasticas\/fabrica-de-lonas-plasticas-em-sao-paulo-qualidade-versatilidade-e-inovacao\/\",\"name\":\"F\u00e1brica de lonas pl\u00e1sticas em S\u00e3o Paulo: qualidade, versatilidade e inova\u00e7\u00e3o - IVC Embalagens\",\"isPartOf\":{\"@id\":\"https:\/\/ivcembalagens.com.br\/blog\/#website\"},\"datePublished\":\"2024-12-12T15:44:54+00:00\",\"dateModified\":\"2024-12-12T15:46:00+00:00\",\"description\":\"Conhe\u00e7a as lonas pl\u00e1sticas da IVC Embalagens, f\u00e1brica em S\u00e3o Paulo que oferece qualidade, personaliza\u00e7\u00e3o e solu\u00e7\u00f5es para diversas demandas.\",\"breadcrumb\":{\"@id\":\"https:\/\/ivcembalagens.com.br\/blog\/lonas-plasticas\/fabrica-de-lonas-plasticas-em-sao-paulo-qualidade-versatilidade-e-inovacao\/#breadcrumb\"},\"inLanguage\":\"pt-BR\",\"potentialAction\":[{\"@type\":\"ReadAction\",\"target\":[\"https:\/\/ivcembalagens.com.br\/blog\/lonas-plasticas\/fabrica-de-lonas-plasticas-em-sao-paulo-qualidade-versatilidade-e-inovacao\/\"]}]},{\"@type\":\"BreadcrumbList\",\"@id\":\"https:\/\/ivcembalagens.com.br\/blog\/lonas-plasticas\/fabrica-de-lonas-plasticas-em-sao-paulo-qualidade-versatilidade-e-inovacao\/#breadcrumb\",\"itemListElement\":[{\"@type\":\"ListItem\",\"position\":1,\"name\":\"In\u00edcio\",\"item\":\"https:\/\/ivcembalagens.com.br\/blog\/\"},{\"@type\":\"ListItem\",\"position\":2,\"name\":\"F\u00e1brica de lonas pl\u00e1sticas em S\u00e3o Paulo: qualidade, versatilidade e inova\u00e7\u00e3o\"}]},{\"@type\":\"WebSite\",\"@id\":\"https:\/\/ivcembalagens.com.br\/blog\/#website\",\"url\":\"https:\/\/ivcembalagens.com.br\/blog\/\",\"name\":\"IVC Embalagens\",\"description\":\"Blog IVC\",\"publisher\":{\"@id\":\"https:\/\/ivcembalagens.com.br\/blog\/#organization\"},\"potentialAction\":[{\"@type\":\"SearchAction\",\"target\":{\"@type\":\"EntryPoint\",\"urlTemplate\":\"https:\/\/ivcembalagens.com.br\/blog\/?s={search_term_string}\"},\"query-input\":\"required name=search_term_string\"}],\"inLanguage\":\"pt-BR\"},{\"@type\":\"Organization\",\"@id\":\"https:\/\/ivcembalagens.com.br\/blog\/#organization\",\"name\":\"IVC Embalagens\",\"url\":\"https:\/\/ivcembalagens.com.br\/blog\/\",\"logo\":{\"@type\":\"ImageObject\",\"inLanguage\":\"pt-BR\",\"@id\":\"https:\/\/ivcembalagens.com.br\/blog\/#\/schema\/logo\/image\/\",\"url\":\"https:\/\/ivcembalagens.com.br\/blog\/wp-content\/uploads\/2023\/10\/ivc-logo-removebg-preview-1.png\",\"contentUrl\":\"https:\/\/ivcembalagens.com.br\/blog\/wp-content\/uploads\/2023\/10\/ivc-logo-removebg-preview-1.png\",\"width\":108,\"height\":145,\"caption\":\"IVC Embalagens \"},\"image\":{\"@id\":\"https:\/\/ivcembalagens.com.br\/blog\/#\/schema\/logo\/image\/\"}},{\"@type\":\"Person\",\"@id\":\"https:\/\/ivcembalagens.com.br\/blog\/#\/schema\/person\/4533234d89e35d56f66e104873a56730\",\"name\":\"admin\",\"image\":{\"@type\":\"ImageObject\",\"inLanguage\":\"pt-BR\",\"@id\":\"https:\/\/ivcembalagens.com.br\/blog\/#\/schema\/person\/image\/\",\"url\":\"https:\/\/secure.gravatar.com\/avatar\/3813f53848958b8842eeafda91666185a90010f65ed554379b78794cde6f234a?s=96&d=mm&r=g\",\"contentUrl\":\"https:\/\/secure.gravatar.com\/avatar\/3813f53848958b8842eeafda91666185a90010f65ed554379b78794cde6f234a?s=96&d=mm&r=g\",\"caption\":\"admin\"},\"sameAs\":[\"http:\/\/ivcembalagens.com.br\/blog\"],\"url\":\"https:\/\/ivcembalagens.com.br\/blog\/author\/admin\/\"}]}<\/script>\n<!-- \/ Yoast SEO plugin. -->","yoast_head_json":{"title":"F\u00e1brica de lonas pl\u00e1sticas em S\u00e3o Paulo: qualidade, versatilidade e inova\u00e7\u00e3o - IVC Embalagens","description":"Conhe\u00e7a as lonas pl\u00e1sticas da IVC Embalagens, f\u00e1brica em S\u00e3o Paulo que oferece qualidade, personaliza\u00e7\u00e3o e solu\u00e7\u00f5es para diversas demandas.","robots":{"index":"index","follow":"follow","max-snippet":"max-snippet:-1","max-image-preview":"max-image-preview:large","max-video-preview":"max-video-preview:-1"},"canonical":"https:\/\/ivcembalagens.com.br\/blog\/lonas-plasticas\/fabrica-de-lonas-plasticas-em-sao-paulo-qualidade-versatilidade-e-inovacao\/","og_locale":"pt_BR","og_type":"article","og_title":"F\u00e1brica de lonas pl\u00e1sticas em S\u00e3o Paulo: qualidade, versatilidade e inova\u00e7\u00e3o - IVC Embalagens","og_description":"Conhe\u00e7a as lonas pl\u00e1sticas da IVC Embalagens, f\u00e1brica em S\u00e3o Paulo que oferece qualidade, personaliza\u00e7\u00e3o e solu\u00e7\u00f5es para diversas demandas.","og_url":"https:\/\/ivcembalagens.com.br\/blog\/lonas-plasticas\/fabrica-de-lonas-plasticas-em-sao-paulo-qualidade-versatilidade-e-inovacao\/","og_site_name":"IVC Embalagens","article_published_time":"2024-12-12T15:44:54+00:00","article_modified_time":"2024-12-12T15:46:00+00:00","og_image":[{"width":700,"height":467,"url":"https:\/\/ivcembalagens.com.br\/blog\/wp-content\/uploads\/2024\/12\/lona_plastica.jpg","type":"image\/jpeg"}],"author":"admin","twitter_card":"summary_large_image","twitter_misc":{"Escrito por":"admin","Est. tempo de leitura":"6 minutos"},"schema":{"@context":"https:\/\/schema.org","@graph":[{"@type":"Article","@id":"https:\/\/ivcembalagens.com.br\/blog\/lonas-plasticas\/fabrica-de-lonas-plasticas-em-sao-paulo-qualidade-versatilidade-e-inovacao\/#article","isPartOf":{"@id":"https:\/\/ivcembalagens.com.br\/blog\/lonas-plasticas\/fabrica-de-lonas-plasticas-em-sao-paulo-qualidade-versatilidade-e-inovacao\/"},"author":{"name":"admin","@id":"https:\/\/ivcembalagens.com.br\/blog\/#\/schema\/person\/4533234d89e35d56f66e104873a56730"},"headline":"F\u00e1brica de lonas pl\u00e1sticas em S\u00e3o Paulo: qualidade, versatilidade e inova\u00e7\u00e3o","datePublished":"2024-12-12T15:44:54+00:00","dateModified":"2024-12-12T15:46:00+00:00","mainEntityOfPage":{"@id":"https:\/\/ivcembalagens.com.br\/blog\/lonas-plasticas\/fabrica-de-lonas-plasticas-em-sao-paulo-qualidade-versatilidade-e-inovacao\/"},"wordCount":1144,"commentCount":0,"publisher":{"@id":"https:\/\/ivcembalagens.com.br\/blog\/#organization"},"keywords":["coberturas imperme\u00e1veis","compra de lonas em S\u00e3o Paulo","comprar Lonas pl\u00e1sticas","durabilidade das lonas","empresa de Lonas pl\u00e1sticas","f\u00e1brica de lonas pl\u00e1sticas em S\u00e3o Paulo","fabricante de Lonas pl\u00e1sticas","fornecedor de lonas em SP","IVC Embalagens","lonas agr\u00edcolas com prote\u00e7\u00e3o UV","lonas industriais","lonas para constru\u00e7\u00e3o civil","lonas para log\u00edstica","lonas pl\u00e1sticas de qualidade","Lonas pl\u00e1sticas direto da fabrica","lonas pl\u00e1sticas em Alphaville","Lonas pl\u00e1sticas em Barueri","Lonas pl\u00e1sticas em s\u00e3o paulo","Lonas pl\u00e1sticas em sp","lonas pl\u00e1sticas na zona leste","lonas pl\u00e1sticas na zona norte","lonas pl\u00e1sticas na zona oeste","lonas pl\u00e1sticas na zona sul","lonas pl\u00e1sticas perto de mim","Lonas pl\u00e1sticas pre\u00e7o","lonas pl\u00e1sticas pr\u00f3ximo a mim","lonas pl\u00e1sticas sob medida","onde encontrar lonas pl\u00e1sticas","personaliza\u00e7\u00e3o de lonas","prote\u00e7\u00e3o agr\u00edcola eficiente","prote\u00e7\u00e3o com lonas","resist\u00eancia em lonas pl\u00e1sticas","sustentabilidade em lonas pl\u00e1sticas","transporte com lonas pl\u00e1sticas","usos de lonas pl\u00e1sticas","vantagens das lonas da IVC Embalagens"],"articleSection":["Lonas pl\u00e1sticas"],"inLanguage":"pt-BR","potentialAction":[{"@type":"CommentAction","name":"Comment","target":["https:\/\/ivcembalagens.com.br\/blog\/lonas-plasticas\/fabrica-de-lonas-plasticas-em-sao-paulo-qualidade-versatilidade-e-inovacao\/#respond"]}]},{"@type":"WebPage","@id":"https:\/\/ivcembalagens.com.br\/blog\/lonas-plasticas\/fabrica-de-lonas-plasticas-em-sao-paulo-qualidade-versatilidade-e-inovacao\/","url":"https:\/\/ivcembalagens.com.br\/blog\/lonas-plasticas\/fabrica-de-lonas-plasticas-em-sao-paulo-qualidade-versatilidade-e-inovacao\/","name":"F\u00e1brica de lonas pl\u00e1sticas em S\u00e3o Paulo: qualidade, versatilidade e inova\u00e7\u00e3o - IVC Embalagens","isPartOf":{"@id":"https:\/\/ivcembalagens.com.br\/blog\/#website"},"datePublished":"2024-12-12T15:44:54+00:00","dateModified":"2024-12-12T15:46:00+00:00","description":"Conhe\u00e7a as lonas pl\u00e1sticas da IVC Embalagens, f\u00e1brica em S\u00e3o Paulo que oferece qualidade, personaliza\u00e7\u00e3o e solu\u00e7\u00f5es para diversas demandas.","breadcrumb":{"@id":"https:\/\/ivcembalagens.com.br\/blog\/lonas-plasticas\/fabrica-de-lonas-plasticas-em-sao-paulo-qualidade-versatilidade-e-inovacao\/#breadcrumb"},"inLanguage":"pt-BR","potentialAction":[{"@type":"ReadAction","target":["https:\/\/ivcembalagens.com.br\/blog\/lonas-plasticas\/fabrica-de-lonas-plasticas-em-sao-paulo-qualidade-versatilidade-e-inovacao\/"]}]},{"@type":"BreadcrumbList","@id":"https:\/\/ivcembalagens.com.br\/blog\/lonas-plasticas\/fabrica-de-lonas-plasticas-em-sao-paulo-qualidade-versatilidade-e-inovacao\/#breadcrumb","itemListElement":[{"@type":"ListItem","position":1,"name":"In\u00edcio","item":"https:\/\/ivcembalagens.com.br\/blog\/"},{"@type":"ListItem","position":2,"name":"F\u00e1brica de lonas pl\u00e1sticas em S\u00e3o Paulo: qualidade, versatilidade e inova\u00e7\u00e3o"}]},{"@type":"WebSite","@id":"https:\/\/ivcembalagens.com.br\/blog\/#website","url":"https:\/\/ivcembalagens.com.br\/blog\/","name":"IVC Embalagens","description":"Blog IVC","publisher":{"@id":"https:\/\/ivcembalagens.com.br\/blog\/#organization"},"potentialAction":[{"@type":"SearchAction","target":{"@type":"EntryPoint","urlTemplate":"https:\/\/ivcembalagens.com.br\/blog\/?s={search_term_string}"},"query-input":"required name=search_term_string"}],"inLanguage":"pt-BR"},{"@type":"Organization","@id":"https:\/\/ivcembalagens.com.br\/blog\/#organization","name":"IVC Embalagens","url":"https:\/\/ivcembalagens.com.br\/blog\/","logo":{"@type":"ImageObject","inLanguage":"pt-BR","@id":"https:\/\/ivcembalagens.com.br\/blog\/#\/schema\/logo\/image\/","url":"https:\/\/ivcembalagens.com.br\/blog\/wp-content\/uploads\/2023\/10\/ivc-logo-removebg-preview-1.png","contentUrl":"https:\/\/ivcembalagens.com.br\/blog\/wp-content\/uploads\/2023\/10\/ivc-logo-removebg-preview-1.png","width":108,"height":145,"caption":"IVC Embalagens "},"image":{"@id":"https:\/\/ivcembalagens.com.br\/blog\/#\/schema\/logo\/image\/"}},{"@type":"Person","@id":"https:\/\/ivcembalagens.com.br\/blog\/#\/schema\/person\/4533234d89e35d56f66e104873a56730","name":"admin","image":{"@type":"ImageObject","inLanguage":"pt-BR","@id":"https:\/\/ivcembalagens.com.br\/blog\/#\/schema\/person\/image\/","url":"https:\/\/secure.gravatar.com\/avatar\/3813f53848958b8842eeafda91666185a90010f65ed554379b78794cde6f234a?s=96&d=mm&r=g","contentUrl":"https:\/\/secure.gravatar.com\/avatar\/3813f53848958b8842eeafda91666185a90010f65ed554379b78794cde6f234a?s=96&d=mm&r=g","caption":"admin"},"sameAs":["http:\/\/ivcembalagens.com.br\/blog"],"url":"https:\/\/ivcembalagens.com.br\/blog\/author\/admin\/"}]}},"_links":{"self":[{"href":"https:\/\/ivcembalagens.com.br\/blog\/wp-json\/wp\/v2\/posts\/312","targetHints":{"allow":["GET"]}}],"collection":[{"href":"https:\/\/ivcembalagens.com.br\/blog\/wp-json\/wp\/v2\/posts"}],"about":[{"href":"https:\/\/ivcembalagens.com.br\/blog\/wp-json\/wp\/v2\/types\/post"}],"author":[{"embeddable":true,"href":"https:\/\/ivcembalagens.com.br\/blog\/wp-json\/wp\/v2\/users\/1"}],"replies":[{"embeddable":true,"href":"https:\/\/ivcembalagens.com.br\/blog\/wp-json\/wp\/v2\/comments?post=312"}],"version-history":[{"count":1,"href":"https:\/\/ivcembalagens.com.br\/blog\/wp-json\/wp\/v2\/posts\/312\/revisions"}],"predecessor-version":[{"id":315,"href":"https:\/\/ivcembalagens.com.br\/blog\/wp-json\/wp\/v2\/posts\/312\/revisions\/315"}],"wp:featuredmedia":[{"embeddable":true,"href":"https:\/\/ivcembalagens.com.br\/blog\/wp-json\/wp\/v2\/media\/314"}],"wp:attachment":[{"href":"https:\/\/ivcembalagens.com.br\/blog\/wp-json\/wp\/v2\/media?parent=312"}],"wp:term":[{"taxonomy":"category","embeddable":true,"href":"https:\/\/ivcembalagens.com.br\/blog\/wp-json\/wp\/v2\/categories?post=312"},{"taxonomy":"post_tag","embeddable":true,"href":"https:\/\/ivcembalagens.com.br\/blog\/wp-json\/wp\/v2\/tags?post=312"}],"curies":[{"name":"wp","href":"https:\/\/api.w.org\/{rel}","templated":true}]}}